{"id":22151,"date":"2008-11-20T12:14:34","date_gmt":"2008-11-20T12:14:34","guid":{"rendered":"https:\/\/obscom.intervozes.org.br\/wordpress\/?p=22151"},"modified":"2008-11-20T12:14:34","modified_gmt":"2008-11-20T12:14:34","slug":"comissao-da-camara-discute-cessao-de-transmissao-de-jogos-para-tvs-publicas","status":"publish","type":"post","link":"https:\/\/obscom.intervozes.org.br\/?p=22151","title":{"rendered":"Comiss\u00e3o da C\u00e2mara discute cess\u00e3o de transmiss\u00e3o de jogos para TVs p\u00fablicas"},"content":{"rendered":"<p><u><strong>Reproduzido do <\/strong><\/u><span class=\"padrao\"><u><strong>Tele.S&iacute;ntese<\/strong><\/u>&nbsp; <\/p>\n<p> A cess&atilde;o do direito de transmiss&atilde;o de eventos esportivos de car&aacute;ter nacional &agrave;s TVs estaduais, pelas emissoras comerciais que compraram o direito mais que decidiram n&atilde;o transmitir, voltou a ser debatida na C&acirc;mara. Hoje, em audi&ecirc;ncia p&uacute;blica realizada na Comiss&atilde;o de Turismo e Desporto, representantes de TVs p&uacute;blicas e privadas apresentaram sugest&atilde;o ao projeto de lei 1878\/03, que disp&otilde;e sobre o assunto.<br \/>  A medida havia sido aprovada como um dos artigos da lei 11652, que criou a EBC (Empresa Brasileira de Comunica&ccedil;&atilde;o), este ano. No entanto, por for&ccedil;a de acordo com um grupo de senadores para aprovar a lei, o presidente Luiz In&aacute;cio Lula da Silva vetou.<\/p>\n<p> Segundo a presidente da EBC, Teresa Cruvinel, os direitos de transmiss&atilde;o de eventos esportivos devem ser dados &agrave; TV Brasil que, se for o caso, pode repassar a transmiss&atilde;o para outras emissoras p&uacute;blicas. Com isso, ela entende que supera uma das alega&ccedil;&otilde;es das TVs comerciais ao tema, de que existem muitas TVs ditas &quot;educativas&quot;, mas que n&atilde;o s&atilde;o.<\/p>\n<p> Cruvinel tamb&eacute;m afirmou que o projeto envolve quest&otilde;es delicadas, como o direito de propriedade, mas que &eacute; preciso levar em conta o direito da sociedade em ter acesso &agrave; informa&ccedil;&atilde;o. Posi&ccedil;&atilde;o semelhante foi defendida pelo diretor de Presta&ccedil;&atilde;o de Servi&ccedil;os da TV Clutura, Carlos La Bella. O diretor encarregado da compra de direitos esportivos da Rede Globo, Marcelo Pinto, disse que a pr&aacute;tica de comprar eventos esportivos que n&atilde;o s&atilde;o de interesse da emissora para evitar que a concorrente compre &eacute; coisa do passado. Ele alega que os custos e as exig&ecirc;ncias dos grandes detentores de evento impedem isso.<br \/> <\/span><\/p>\n<p class=\"padrao\"> O mesmo defendeu o diretor de Esporte da Rede Record, Eduardo Zebini. Ele sugeriu que as TVs p&uacute;blicas se limitem a transmitir competi&ccedil;&otilde;es estaduais e estudantis, como forma de incentivar o esporte. O relator da mat&eacute;ria, deputado Gilmar Machado (PT-MG) disse que promover&aacute; novas audi&ecirc;ncias sobre o tema.  <\/p>\n","protected":false},"excerpt":{"rendered":"<p>Reproduzido do Tele.S&iacute;ntese&nbsp; A cess&atilde;o do direito de transmiss&atilde;o de eventos esportivos de car&aacute;ter nacional &agrave;s TVs estaduais, pelas emissoras comerciais que compraram o direito mais que decidiram n&atilde;o transmitir, voltou a ser debatida na C&acirc;mara. Hoje, em audi&ecirc;ncia p&uacute;blica realizada na Comiss&atilde;o de Turismo e Desporto, representantes de TVs p&uacute;blicas e privadas apresentaram sugest&atilde;o &hellip; <a href=\"https:\/\/obscom.intervozes.org.br\/?p=22151\" class=\"more-link\">Continue lendo <span class=\"screen-reader-text\">Comiss\u00e3o da C\u00e2mara discute cess\u00e3o de transmiss\u00e3o de jogos para TVs p\u00fablicas<\/span> <span class=\"meta-nav\">&rarr;<\/span><\/a><\/p>\n","protected":false},"author":1,"featured_media":0,"comment_status":"open","ping_status":"open","sticky":false,"template":"","format":"standard","meta":{"footnotes":""},"categories":[39],"tags":[],"_links":{"self":[{"href":"https:\/\/obscom.intervozes.org.br\/index.php?rest_route=\/wp\/v2\/posts\/22151"}],"collection":[{"href":"https:\/\/obscom.intervozes.org.br\/index.php?rest_route=\/wp\/v2\/posts"}],"about":[{"href":"https:\/\/obscom.intervozes.org.br\/index.php?rest_route=\/wp\/v2\/types\/post"}],"author":[{"embeddable":true,"href":"https:\/\/obscom.intervozes.org.br\/index.php?rest_route=\/wp\/v2\/users\/1"}],"replies":[{"embeddable":true,"href":"https:\/\/obscom.intervozes.org.br\/index.php?rest_route=%2Fwp%2Fv2%2Fcomments&post=22151"}],"version-history":[{"count":0,"href":"https:\/\/obscom.intervozes.org.br\/index.php?rest_route=\/wp\/v2\/posts\/22151\/revisions"}],"wp:attachment":[{"href":"https:\/\/obscom.intervozes.org.br\/index.php?rest_route=%2Fwp%2Fv2%2Fmedia&parent=22151"}],"wp:term":[{"taxonomy":"category","embeddable":true,"href":"https:\/\/obscom.intervozes.org.br\/index.php?rest_route=%2Fwp%2Fv2%2Fcategories&post=22151"},{"taxonomy":"post_tag","embeddable":true,"href":"https:\/\/obscom.intervozes.org.br\/index.php?rest_route=%2Fwp%2Fv2%2Ftags&post=22151"}],"curies":[{"name":"wp","href":"https:\/\/api.w.org\/{rel}","templated":true}]}}