{"id":22150,"date":"2008-11-19T18:18:20","date_gmt":"2008-11-19T18:18:20","guid":{"rendered":"https:\/\/obscom.intervozes.org.br\/wordpress\/?p=22150"},"modified":"2014-09-07T02:57:34","modified_gmt":"2014-09-07T02:57:34","slug":"teia-2008-afirma-cultura-como-direito-social-e-obrigacao-do-estado","status":"publish","type":"post","link":"https:\/\/obscom.intervozes.org.br\/?p=22150","title":{"rendered":"Teia 2008 afirma cultura como direito social e obriga\u00e7\u00e3o do Estado"},"content":{"rendered":"<p>   \t \t \t \t \t<!-- \t\t@page { margin: 2cm } \t\tP { margin-bottom: 0.21cm } \t-->  <\/p>\n<p style=\"margin-bottom: 0cm\" class=\"western\"><span class=\"padrao\">Marcada pelo forte debate acerca dos rumos das pol&iacute;ticas p&uacute;blicas de apoio &agrave; cultura no pa&iacute;s, a Teia 2008 mostrou avan&ccedil;os e lacunas no espa&ccedil;o que articula mais de oitocentos pontos de cultura de todos os cantos do Brasil. Reunidos na capital federal, de 12 a 16 deste m&ecirc;s, sob o mote &ldquo;Direitos humanos: iguais na diferen&ccedil;a&rdquo;, refer&ecirc;ncia &agrave; celebra&ccedil;&atilde;o dos 60 anos da Declara&ccedil;&atilde;o Universal dos Direitos Humanos, 670 delegados e outras centenas de militantes e realizadores culturais afirmaram o direito &agrave; cultura e a obriga&ccedil;&atilde;o do Estado em garantir a sua plena realiza&ccedil;&atilde;o.<\/p>\n<p>A s&iacute;ntese dessa id&eacute;ia, expressa na &ldquo;Carta da Reproclama&ccedil;&atilde;o da Rep&uacute;blica pela Cultura&rdquo;, &eacute; a defesa veemente da transforma&ccedil;&atilde;o dos pontos de cultura &ndash; atualmente um programa do Minist&eacute;rio da Cultura (MinC) de apoio a iniciativas locais &ndash; em pol&iacute;tica de Estado, com or&ccedil;amento definido e mecanismos de controle p&uacute;blico e social da sua gest&atilde;o.<\/p>\n<p>Se, por um lado, chamou a aten&ccedil;&atilde;o a diversidade de tipos e express&otilde;es presentes no Complexo Cultural da Rep&uacute;blica durante os quatro dias da Teia, por outro, surpreendeu a baixa repercuss&atilde;o do evento entre a popula&ccedil;&atilde;o de Bras&iacute;lia e das cidades-sat&eacute;lites. A programa&ccedil;&atilde;o foi composta de oficinas, palestras, debates, apresenta&ccedil;&otilde;es musicais em palcos montados no gramado da Esplanada, v&aacute;rias formas de teatro, maracatus e outros estilos de percuss&atilde;o, violeiros, artistas de circo, dan&ccedil;as regionais, exposi&ccedil;&otilde;es de arte, entre muitas outras atividades. Isso tudo conseguiu atrair um p&uacute;blico m&eacute;dio di&aacute;rio de apenas duas mil pessoas, segundo o pr&oacute;prio MinC.<\/p>\n<p><strong>Comunica&ccedil;&atilde;o e cultura<\/strong><\/p>\n<p>Em paralelo a essa lacuna, o encontro &ndash; &aacute;pice de mobiliza&ccedil;&atilde;o que envolveu mais de seis mil pessoas em dezenove encontros estaduais &ndash; tamb&eacute;m refor&ccedil;ou a percep&ccedil;&atilde;o a respeito da import&acirc;ncia da comunica&ccedil;&atilde;o livre e democr&aacute;tica para a frui&ccedil;&atilde;o efetiva das t&atilde;o ricas e numerosas express&otilde;es culturais espalhadas pelo Brasil. Mais do que isso, diante das experi&ecirc;ncias de comunica&ccedil;&atilde;o compartilhada da Teia, foi bastante n&iacute;tida a sensa&ccedil;&atilde;o de que a m&iacute;dia comercial n&atilde;o cumpre o papel de promover esse di&aacute;logo entre as diversas culturas que constituem o mosaico do que se chama de na&ccedil;&atilde;o brasileira.<br \/><\/span> <\/p>\n<p style=\"margin-bottom: 0cm\" class=\"western padrao\">Para materializar essa vis&atilde;o, um ex&eacute;rcito de comunicadores, profissionais ou n&atilde;o, d&aacute; suporte ao di&aacute;logo entre as atividades e os participantes da Teia de forma colaborativa e participativa. No entanto, na avalia&ccedil;&atilde;o de muitos desses volunt&aacute;rios, esse tipo de iniciativa ainda carece de apoio e de respeito por parte do Estado. <\/p>\n<p>&ldquo;A experi&ecirc;ncia foi boa no sentido colaborativo, com as pessoas participando do processo, mas ainda falta muito para que possamos ter essa forma de comunica&ccedil;&atilde;o mais aut&ocirc;noma. Ainda existe uma hierarquia gigantesca que faz uma censura pr&eacute;via sobre o que vai ser veiculado, por causa da dimens&atilde;o desse evento&rdquo;, aponta R&oacute;bson Bonfim, coordenador do espa&ccedil;o de Comunica&ccedil;&atilde;o Livre da Teia.<\/p>\n<p>Entre outros temas da pauta das pol&iacute;ticas de comunica&ccedil;&atilde;o, o projeto que prop&otilde;e a vigil&acirc;ncia e a criminaliza&ccedil;&atilde;o de usu&aacute;rios da Internet, do senador Eduardo Azeredo (PSDB-MG), foi alvo de intensos debates e protestos.<\/p>\n<p>Al&eacute;m da comunica&ccedil;&atilde;o, outros setores agregaram-se &agrave; mobiliza&ccedil;&atilde;o dos militantes e fazedores da cultura, como a economia solid&aacute;ria, os movimentos campesinos e da diversidade sexual.<\/p>\n<p><strong>Cobran&ccedil;a por pol&iacute;ticas p&uacute;blicas<\/strong><\/p>\n<p>Mas o ponto forte desta terceira edi&ccedil;&atilde;o da Teia &ndash; Encontro Nacional dos Pontos de Cultura, al&eacute;m da cobran&ccedil;a ao Estado de apoio ao setor, foi o avan&ccedil;o das propostas de pol&iacute;ticas p&uacute;blicas para fortalecer a produ&ccedil;&atilde;o e a difus&atilde;o cultural no pa&iacute;s. <\/p>\n<p>A id&eacute;ia de cria&ccedil;&atilde;o de um Sistema Nacional de Cultura, tema candente h&aacute; alguns anos, ganhou for&ccedil;a nos debates realizados na Teia. A exist&ecirc;ncia do SNC sinalizaria claramente a possibilidade de aglutinar e sistematizar as diversas demandas do setor, garantindo ainda a autonomia e a independ&ecirc;ncia, inclusive econ&ocirc;mica, dos atores da sociedade civil envolvidos neste processo.<\/p>\n<p>Para C&eacute;lio Turino, titular da Secretaria de Pol&iacute;ticas e Programas Culturais do MinC, a Teia tem o efeito simb&oacute;lico de unir reflex&atilde;o, organiza&ccedil;&atilde;o e encantamento, mas vai muito al&eacute;m disso. &ldquo;O que esse processo dos pontos de cultura mostra &eacute; que as pessoas t&ecirc;m o direito, e mais do que isso, o dever de ocupar o seu protagonismo. Esta Teia est&aacute; mais amadurecida, o movimento tem ganhado autonomia, mas ainda h&aacute; muito por fazer&rdquo;, pondera o secret&aacute;rio, num contexto onde o minist&eacute;rio foi duramente criticado por atraso no repasse de verbas dos conv&ecirc;nios que ap&oacute;iam os pontos de cultura.<\/p>\n<p><strong>Marcha pela Esplanada<\/strong><\/p>\n<p>No s&aacute;bado (15), os participantes do encontro fizeram uma marcha pela Esplanada dos Minist&eacute;rios, em dire&ccedil;&atilde;o &agrave; Pra&ccedil;a dos Tr&ecirc;s Poderes, onde ocorreu o ato simb&oacute;lico de Re-Proclama&ccedil;&atilde;o da Rep&uacute;blica pela cultura. Poucas vezes o centro do poder pol&iacute;tico do pa&iacute;s esteve t&atilde;o colorido e t&atilde;o festivo. <\/p>\n<p>Entretanto, o clima de festa n&atilde;o impediu um ato isolado de intoler&acirc;ncia. No in&iacute;cio da caminhada, o cortejo fez uma parada na Catedral, criada para ser o &ldquo;Minist&eacute;rio Ecum&ecirc;nico&rdquo;. Alguns grupos entraram no pr&eacute;dio, mas ind&iacute;genas e m&atilde;es-de-santo acompanhadas de dan&ccedil;arinos paramentados com vestimentas de matriz africana foram barrados e viram as portas do local serem fechadas para evitar a sua entrada.<\/p>\n<p>Como fruto dos debates realizados no II F&oacute;rum Nacional dos Pontos de Cultura, ocorrido durante a Teia, foram aprovadas cento e vinte e cinco resolu&ccedil;&otilde;es espec&iacute;ficas e noventa resolu&ccedil;&otilde;es gerais sobre pol&iacute;ticas p&uacute;blicas para a cultura, que se somam &agrave;s resolu&ccedil;&otilde;es da I Confer&ecirc;ncia Nacional de Cultura, realizada em dezembro de 2005, como diretrizes que devem nortear a a&ccedil;&atilde;o do Estado nesta &aacute;rea.<\/p>\n<p>Mais informa&ccedil;&otilde;es: <a href=\"http:\/\/www.teia2008.org\" target=\"_blank\">www.teia2008.org<\/a>   &#8211;  <a href=\"http:\/\/www.iteia.org.br\" target=\"_blank\">www.iteia.org.br<\/a>   &#8211;  <a href=\"http:\/\/www.cultura.gov.br\" target=\"_blank\">www.cultura.gov.br<\/a>  <\/p>\n<p><a href=\"http:\/\/localhost\/intervozes_direitoacomunicacao\/wordpress\/?p=22149\">Veja aqui a &iacute;ntegra do documento final da Teia 2008.<\/a> <\/p>\n","protected":false},"excerpt":{"rendered":"<p>T\u00cdTULO PARA MUDAR QUANDO SUBIR A MAT\u00c9RIA PARA O DESTAQUE: Teia 2008 afirma cultura como direito da sociedade e obriga\u00e7\u00e3o do Estado Participantes do encontro nacional dos Pontos de Cultura defenderam a transforma\u00e7\u00e3o do projeto, hoje sob responsabilidade do MinC, em pol\u00edtica de Estado<\/p>\n","protected":false},"author":1,"featured_media":0,"comment_status":"open","ping_status":"open","sticky":false,"template":"","format":"standard","meta":{"footnotes":""},"categories":[40],"tags":[350],"_links":{"self":[{"href":"https:\/\/obscom.intervozes.org.br\/index.php?rest_route=\/wp\/v2\/posts\/22150"}],"collection":[{"href":"https:\/\/obscom.intervozes.org.br\/index.php?rest_route=\/wp\/v2\/posts"}],"about":[{"href":"https:\/\/obscom.intervozes.org.br\/index.php?rest_route=\/wp\/v2\/types\/post"}],"author":[{"embeddable":true,"href":"https:\/\/obscom.intervozes.org.br\/index.php?rest_route=\/wp\/v2\/users\/1"}],"replies":[{"embeddable":true,"href":"https:\/\/obscom.intervozes.org.br\/index.php?rest_route=%2Fwp%2Fv2%2Fcomments&post=22150"}],"version-history":[{"count":1,"href":"https:\/\/obscom.intervozes.org.br\/index.php?rest_route=\/wp\/v2\/posts\/22150\/revisions"}],"predecessor-version":[{"id":27965,"href":"https:\/\/obscom.intervozes.org.br\/index.php?rest_route=\/wp\/v2\/posts\/22150\/revisions\/27965"}],"wp:attachment":[{"href":"https:\/\/obscom.intervozes.org.br\/index.php?rest_route=%2Fwp%2Fv2%2Fmedia&parent=22150"}],"wp:term":[{"taxonomy":"category","embeddable":true,"href":"https:\/\/obscom.intervozes.org.br\/index.php?rest_route=%2Fwp%2Fv2%2Fcategories&post=22150"},{"taxonomy":"post_tag","embeddable":true,"href":"https:\/\/obscom.intervozes.org.br\/index.php?rest_route=%2Fwp%2Fv2%2Ftags&post=22150"}],"curies":[{"name":"wp","href":"https:\/\/api.w.org\/{rel}","templated":true}]}}