{"id":22149,"date":"2008-11-19T18:14:50","date_gmt":"2008-11-19T18:14:50","guid":{"rendered":"https:\/\/obscom.intervozes.org.br\/wordpress\/?p=22149"},"modified":"2008-11-19T18:14:50","modified_gmt":"2008-11-19T18:14:50","slug":"pontos-de-cultura-divulgam-carta-de-re-proclamacao-da-republica","status":"publish","type":"post","link":"https:\/\/obscom.intervozes.org.br\/?p=22149","title":{"rendered":"Pontos de Cultura divulgam &#8216;Carta de Re-Proclama\u00e7\u00e3o da Rep\u00fablica&#8217;"},"content":{"rendered":"<p>   \t \t \t \t \t<!-- \t\t@page { margin: 2cm } \t\tP { margin-bottom: 0.21cm } \t--><\/p>\n<p style=\"margin-bottom: 0cm\" class=\"western padrao\">Leia a &iacute;ntegra da &ldquo;Carta de Re-Proclama&ccedil;&atilde;o da Rep&uacute;blica&rdquo;, documento divulgado pelo F&oacute;rum Nacional dos Pontos de Cultura e pela Comiss&atilde;o Nacional dos Pontos de Cultura durante a Teia 2008:<\/p>\n<p>&ldquo;Bras&iacute;lia, 15 de Novembro de 2008.<\/p>\n<p>Ao Exmo. Sr Ministro Juca Ferreira<\/p>\n<p>O II F&oacute;rum Nacional dos Pontos de Cultura (FNPC) realizado de 12 a 14 de novembro, como parte da programa&ccedil;&atilde;o da TEIA Bras&iacute;lia 2008 foi a etapa nacional de um processo de mobiliza&ccedil;&atilde;o e articula&ccedil;&atilde;o pol&iacute;tica dos Pontos de Cultura em todo o pa&iacute;s. Ao longo do ano, foram realizados 19 encontros e f&oacute;runs estaduais, mobilizando cerca de 6000 participantes nestas etapas preparat&oacute;rias. Foram inscritos cerca de 600 delegados &ndash; um representante por Ponto de Cultura conveniado com o MinC &ndash; em um universo de 850 pontos, o que evidencia o interesse e a mobiliza&ccedil;&atilde;o que o II FNPC provocou na rede.<\/p>\n<p>O que come&ccedil;ou como um programa governamental, extrapolou as fronteiras institucionais e hoje os Pontos de Cultura emergem com a for&ccedil;a de um movimento social presente e organizado em todo o pa&iacute;s. Nos &uacute;ltimos tr&ecirc;s anos este movimento se (re)conheceu, se encontrou e se fortaleceu. Os Pontos de Cultura apontam para o surgimento de novas formas de rela&ccedil;&atilde;o entre o Estado e a sociedade. Reconhecem a necessidade da mobiliza&ccedil;&atilde;o organizada da sociedade para um profundo debate com os poderes executivo e legislativo sobre as pol&iacute;ticas p&uacute;blicas para a cultura no Brasil para a cria&ccedil;&atilde;o de novos marcos legais em que o Estado, ao inv&eacute;s de impor, disp&otilde;e as condi&ccedil;&otilde;es e os meios para o exerc&iacute;cio da autonomia, protagonismo e empoderamento social. <\/p>\n<p>Esse encontro  em Bras&iacute;lia &eacute;  um marco hist&oacute;rico do atual processo cultural brasileiro, evidenciando que a riqueza da diversidade de nosso povo se instalou no centro das Pol&iacute;ticas P&uacute;blicas.<\/p>\n<p>O II FNPC &eacute; a express&atilde;o leg&iacute;tima e organizada deste movimento, que apresentou para o conjunto da sociedade sua produ&ccedil;&atilde;o art&iacute;stica, pautas pol&iacute;ticas, pr&aacute;ticas pedag&oacute;gicas, manifesta&ccedil;&otilde;es e express&otilde;es culturais. S<span>ua realiza&ccedil;&atilde;o evidenciou a autonomia e diversidade das formas de organiza&ccedil;&atilde;o do movimento nacional dos Pontos de Cultura, elegendo <\/span>uma nova Comiss&atilde;o Nacional, composta por representantes dos 24 Grupos de Trabalho e de todos os estados do pa&iacute;s.  <\/p>\n<p>O <span>F&oacute;rum re<\/span>uniu 24 Grupos de Trabalho tem&aacute;ticos que discutiram temas transversais relacionados &agrave;s diversas &aacute;reas de atua&ccedil;&atilde;o dos Pontos de Cultura, como: legisla&ccedil;&atilde;o, culturas populares e patrim&ocirc;nio imaterial, matriz africana, cultura digital, juventude, artes c&ecirc;nicas, audiovisual, sustentabilidade, articula&ccedil;&atilde;o em rede, entre outros. Estes grupos aprovaram um conjunto de 125 resolu&ccedil;&otilde;es espec&iacute;ficas de suas &aacute;reas de atua&ccedil;&atilde;o e 90 resolu&ccedil;&otilde;es gerais sobre pol&iacute;ticas p&uacute;blicas para a cultura. Em s&iacute;ntese, estas resolu&ccedil;&otilde;es apontam para as seguintes diretrizes gerais:<\/p>\n<p>&#8211; Garantia da perman&ecirc;ncia dos Pontos de Cultura como pol&iacute;tica de Estado, com dota&ccedil;&atilde;o or&ccedil;ament&aacute;ria prevista em dispositivo legal, mecanismos p&uacute;blicos de controle e gest&atilde;o compartilhada com a sociedade civil;<\/p>\n<p>&#8211; Aprova&ccedil;&atilde;o da PEC 236, que pretende acrescentar a cultura como direito social no Cap&iacute;tulo II, artigo 6&#730; da Constitu&ccedil;&atilde;o Federal;<\/p>\n<p>&#8211; Aprova&ccedil;&atilde;o da PEC 150 que vincula 2% do Or&ccedil;amento Federal, 1,5% do Or&ccedil;amento Estadual, 1% do Or&ccedil;amento dos Munic&iacute;pios para a Cultura; <\/p>\n<p>&#8211; Garantia da Inclus&atilde;o do Programa Cultura Viva no Plano Nacional de Cultura;<\/p>\n<p>&#8211; Regulamenta&ccedil;&atilde;o e implanta&ccedil;&atilde;o do Sistema Nacional de Cultura em todos os n&iacute;veis da federa&ccedil;&atilde;o com defini&ccedil;&atilde;o de suas atribui&ccedil;&otilde;es, e ampla participa&ccedil;&atilde;o da sociedade;<\/p>\n<p>&#8211; Revis&atilde;o da legisla&ccedil;&atilde;o que rege os conv&ecirc;nios entre a sociedade civil e o Estado, garantindo transpar&ecirc;ncia, funcionalidade, e agilidade nos processos administrativos, regulamentando a transfer&ecirc;ncia de recursos p&uacute;blicos para a&ccedil;&otilde;es da sociedade civil com finalidades sociais e culturais;<\/p>\n<p>&#8211; Reconhecimento pelo Estado brasileiro dos saberes e fazeres dos mestres e gri&ocirc;s de tradi&ccedil;&atilde;o oral e da cultura popular, com a cria&ccedil;&atilde;o de mecanismos permanentes de apoio e incentivo &agrave;s redes de transmiss&atilde;o oral e seus v&iacute;nculos com a educa&ccedil;&atilde;o formal, bem como suas pr&aacute;ticas nos diversos grupos &eacute;tnico-culturais que formam o povo brasileiro; <\/p>\n<p>&#8211; Incentivo &agrave; participa&ccedil;&atilde;o da juventude nas pol&iacute;ticas p&uacute;blicas de cultura, atrav&eacute;s do est&iacute;mulo ao envolvimento da juventude em programas de forma&ccedil;&atilde;o, cria&ccedil;&atilde;o e atua&ccedil;&atilde;o comunit&aacute;ria em atividades culturais, art&iacute;sticas e de comunica&ccedil;&atilde;o.<\/p>\n<p>&#8211; Por fim, reconhecemos o avan&ccedil;o das Pol&iacute;ticas P&uacute;blicas Culturais desse pa&iacute;s e confiamos na sinergia de prop&oacute;sitos entre as resolu&ccedil;&otilde;es do F&oacute;rum Nacional dos Pontos de Cultura  e as prioridades do MINC.<\/p>\n<p>Cordialmente,<\/p>\n<p>F&oacute;rum Nacional dos Pontos de Cultura<br \/>Comiss&atilde;o Nacional dos Pontos de Cultura&rdquo;<\/p>\n","protected":false},"excerpt":{"rendered":"<p>Leia a &iacute;ntegra da &ldquo;Carta de Re-Proclama&ccedil;&atilde;o da Rep&uacute;blica&rdquo;, documento divulgado pelo F&oacute;rum Nacional dos Pontos de Cultura e pela Comiss&atilde;o Nacional dos Pontos de Cultura durante a Teia 2008: &ldquo;Bras&iacute;lia, 15 de Novembro de 2008. Ao Exmo. Sr Ministro Juca Ferreira O II F&oacute;rum Nacional dos Pontos de Cultura (FNPC) realizado de 12 a &hellip; <a href=\"https:\/\/obscom.intervozes.org.br\/?p=22149\" class=\"more-link\">Continue lendo <span class=\"screen-reader-text\">Pontos de Cultura divulgam &#8216;Carta de Re-Proclama\u00e7\u00e3o da Rep\u00fablica&#8217;<\/span> <span class=\"meta-nav\">&rarr;<\/span><\/a><\/p>\n","protected":false},"author":1,"featured_media":0,"comment_status":"open","ping_status":"open","sticky":false,"template":"","format":"standard","meta":{"footnotes":""},"categories":[40],"tags":[350],"_links":{"self":[{"href":"https:\/\/obscom.intervozes.org.br\/index.php?rest_route=\/wp\/v2\/posts\/22149"}],"collection":[{"href":"https:\/\/obscom.intervozes.org.br\/index.php?rest_route=\/wp\/v2\/posts"}],"about":[{"href":"https:\/\/obscom.intervozes.org.br\/index.php?rest_route=\/wp\/v2\/types\/post"}],"author":[{"embeddable":true,"href":"https:\/\/obscom.intervozes.org.br\/index.php?rest_route=\/wp\/v2\/users\/1"}],"replies":[{"embeddable":true,"href":"https:\/\/obscom.intervozes.org.br\/index.php?rest_route=%2Fwp%2Fv2%2Fcomments&post=22149"}],"version-history":[{"count":0,"href":"https:\/\/obscom.intervozes.org.br\/index.php?rest_route=\/wp\/v2\/posts\/22149\/revisions"}],"wp:attachment":[{"href":"https:\/\/obscom.intervozes.org.br\/index.php?rest_route=%2Fwp%2Fv2%2Fmedia&parent=22149"}],"wp:term":[{"taxonomy":"category","embeddable":true,"href":"https:\/\/obscom.intervozes.org.br\/index.php?rest_route=%2Fwp%2Fv2%2Fcategories&post=22149"},{"taxonomy":"post_tag","embeddable":true,"href":"https:\/\/obscom.intervozes.org.br\/index.php?rest_route=%2Fwp%2Fv2%2Ftags&post=22149"}],"curies":[{"name":"wp","href":"https:\/\/api.w.org\/{rel}","templated":true}]}}