{"id":22145,"date":"2008-11-19T17:22:16","date_gmt":"2008-11-19T17:22:16","guid":{"rendered":"https:\/\/obscom.intervozes.org.br\/wordpress\/?p=22145"},"modified":"2008-11-19T17:22:16","modified_gmt":"2008-11-19T17:22:16","slug":"mte-ameaca-discutir-regulamentacao-do-jornalismo-sem-anj","status":"publish","type":"post","link":"https:\/\/obscom.intervozes.org.br\/?p=22145","title":{"rendered":"MTE amea\u00e7a discutir regulamenta\u00e7\u00e3o do jornalismo sem ANJ"},"content":{"rendered":"<p>   \t \t \t \t \t<!-- \t\t@page { margin: 2cm } \t\tP { margin-bottom: 0.21cm } \t--><span class=\"padrao\">Luiz Antonio de Medeiros, secret&aacute;rio de rela&ccedil;&otilde;es do trabalho do Minist&eacute;rio do Trabalho e Emprego (MTE), disse nesta ter&ccedil;a-feira (19) que o minist&eacute;rio elaborar&aacute; uma proposta sobre a regulamenta&ccedil;&atilde;o da profiss&atilde;o de jornalista, mesmo sem a participa&ccedil;&atilde;o das entidades patronais. &ldquo;Se os empres&aacute;rios n&atilde;o tiverem uma proposta, n&oacute;s teremos&rdquo;, afirmou.<\/span><\/p>\n<p style=\"margin-bottom: 0cm\" class=\"western padrao\">Medeiros disse que encaminhar&aacute;, nesta segunda, uma carta &agrave; Associa&ccedil;&atilde;o Nacional de Jornais (ANJ) para que a entidade participe do debate. &ldquo;A aus&ecirc;ncia deles &eacute; muito ruim&rdquo;, disse. O representante do Minist&eacute;rio do Trabalho n&atilde;o comentou se iria refazer o convite para a participa&ccedil;&atilde;o de outras entidades patronais, na pessoa de Luiz Carlos Amorim Robortella, da Associa&ccedil;&atilde;o Brasileira de Emissoras de R&aacute;dio e Televis&atilde;o (Abert), e Ary Flor&ecirc;ncio Cauduro dos Santos, da Federa&ccedil;&atilde;o Nacional das Empresas de R&aacute;dio e Televis&atilde;o (Fenaert), que tamb&eacute;m participam do grupo de trabalho.<\/p>\n<p>O secret&aacute;rio das Rela&ccedil;&otilde;es do Trabalho afirmou que a proposta do minist&eacute;rio se basear&aacute; nas atividades em que o jornalista trabalha, como internet, assessoria de imprensa, jornalismo impresso, e sobre a forma&ccedil;&atilde;o do jornalista nas faculdades.<\/p>\n<p>As opini&otilde;es dos representantes da categoria, a Federa&ccedil;&atilde;o Nacional dos Jornalistas (Fenaj), ser&atilde;o apresentadas em nova reuni&atilde;o da entidade com o Minist&eacute;rio do Trabalho nesta quinta-feira, &agrave;s 15h, no minist&eacute;rio, em Bras&iacute;lia.  <\/p>\n<p style=\"margin-bottom: 0cm\" class=\"western padrao\">A ANJ e outras entidades patronais sa&iacute;ram da discuss&atilde;o em 8 de outubro, segundo sua assessoria, porque o grupo de trabalho que discutia a regulamenta&ccedil;&atilde;o n&atilde;o estava cumprindo seu objetivo. &ldquo;As audi&ecirc;ncia p&uacute;blicas estavam girando em torno da exig&ecirc;ncia do diploma, que j&aacute; est&aacute; sub judice no Supremo [Tribunal Federal]&rdquo;, argumentou a assessoria. <\/p>\n<p>Medeiros informou que mais duas audi&ecirc;ncias p&uacute;blicas sobre a regulamenta&ccedil;&atilde;o acontecer&atilde;o em S&atilde;o Paulo e no Rio, sobre a regulamenta&ccedil;&atilde;o, mas n&atilde;o precisou quando. Disse ainda que entregar&aacute;, em 26 de novembro, um relat&oacute;rio ao ministro Carlos Luppi, sobre o consenso retirado no grupo de trabalho sobre a regulamenta&ccedil;&atilde;o da profiss&atilde;o. &ldquo;Entregaremos alguma coisa, mas isso n&atilde;o &eacute; o mais importante. Sonhamos com um consenso entre a categoria e as entidades patronais&rdquo;, disse Medeiros.<\/p>\n","protected":false},"excerpt":{"rendered":"<p>Luiz Antonio de Medeiros, secret&aacute;rio de rela&ccedil;&otilde;es do trabalho do Minist&eacute;rio do Trabalho e Emprego (MTE), disse nesta ter&ccedil;a-feira (19) que o minist&eacute;rio elaborar&aacute; uma proposta sobre a regulamenta&ccedil;&atilde;o da profiss&atilde;o de jornalista, mesmo sem a participa&ccedil;&atilde;o das entidades patronais. &ldquo;Se os empres&aacute;rios n&atilde;o tiverem uma proposta, n&oacute;s teremos&rdquo;, afirmou. Medeiros disse que encaminhar&aacute;, nesta &hellip; <a href=\"https:\/\/obscom.intervozes.org.br\/?p=22145\" class=\"more-link\">Continue lendo <span class=\"screen-reader-text\">MTE amea\u00e7a discutir regulamenta\u00e7\u00e3o do jornalismo sem ANJ<\/span> <span class=\"meta-nav\">&rarr;<\/span><\/a><\/p>\n","protected":false},"author":1,"featured_media":0,"comment_status":"open","ping_status":"open","sticky":false,"template":"","format":"standard","meta":{"footnotes":""},"categories":[40],"tags":[860],"_links":{"self":[{"href":"https:\/\/obscom.intervozes.org.br\/index.php?rest_route=\/wp\/v2\/posts\/22145"}],"collection":[{"href":"https:\/\/obscom.intervozes.org.br\/index.php?rest_route=\/wp\/v2\/posts"}],"about":[{"href":"https:\/\/obscom.intervozes.org.br\/index.php?rest_route=\/wp\/v2\/types\/post"}],"author":[{"embeddable":true,"href":"https:\/\/obscom.intervozes.org.br\/index.php?rest_route=\/wp\/v2\/users\/1"}],"replies":[{"embeddable":true,"href":"https:\/\/obscom.intervozes.org.br\/index.php?rest_route=%2Fwp%2Fv2%2Fcomments&post=22145"}],"version-history":[{"count":0,"href":"https:\/\/obscom.intervozes.org.br\/index.php?rest_route=\/wp\/v2\/posts\/22145\/revisions"}],"wp:attachment":[{"href":"https:\/\/obscom.intervozes.org.br\/index.php?rest_route=%2Fwp%2Fv2%2Fmedia&parent=22145"}],"wp:term":[{"taxonomy":"category","embeddable":true,"href":"https:\/\/obscom.intervozes.org.br\/index.php?rest_route=%2Fwp%2Fv2%2Fcategories&post=22145"},{"taxonomy":"post_tag","embeddable":true,"href":"https:\/\/obscom.intervozes.org.br\/index.php?rest_route=%2Fwp%2Fv2%2Ftags&post=22145"}],"curies":[{"name":"wp","href":"https:\/\/api.w.org\/{rel}","templated":true}]}}