{"id":22144,"date":"2008-11-19T17:17:28","date_gmt":"2008-11-19T17:17:28","guid":{"rendered":"https:\/\/obscom.intervozes.org.br\/wordpress\/?p=22144"},"modified":"2008-11-19T17:17:28","modified_gmt":"2008-11-19T17:17:28","slug":"decisao-da-justica-em-acao-contra-revista-reforca-necessidade-da-midia-fazer-auto-critica","status":"publish","type":"post","link":"https:\/\/obscom.intervozes.org.br\/?p=22144","title":{"rendered":"Decis\u00e3o da Justi\u00e7a em a\u00e7\u00e3o contra revista refor\u00e7a necessidade da m\u00eddia fazer auto-cr\u00edtica"},"content":{"rendered":"<p>   \t \t \t \t \t<!-- \t\t@page { margin: 2cm } \t\tP { margin-bottom: 0.21cm } \t--> \t  <\/p>\n<p style=\"margin-bottom: 0cm\" class=\"western padrao\">Jornalistas t&ecirc;m direito a criticar o trabalho de outros jornalistas. Esse &eacute; o entendimento da ju&iacute;za Val&eacute;ria Longobardi Maldonado. No in&iacute;cio de setembro, a magistrada da 29&ordf; Vara C&iacute;vel de S&atilde;o Paulo negou pedido de indeniza&ccedil;&atilde;o feito pela rep&oacute;rter da Folha de S. Paulo Lilian Christofoletti contra Mino Carta, Ant&ocirc;nio Carlos Queiroz, Raimundo Rodrigues Pereira e a revista &ldquo;Carta Capital&rdquo;.<\/p>\n<p>&ldquo;Prevalece neste caso a fun&ccedil;&atilde;o cr&iacute;tica da imprensa, curiosamente sobre si mesma. Ademais, n&atilde;o ficou provado que os r&eacute;us tenham tido a inten&ccedil;&atilde;o b&aacute;sica de ofender a honra da autora, mas sim, de criticar a forma como o jornalismo vem sendo conduzido em nosso Pa&iacute;s. Da&iacute; a improced&ecirc;ncia do pedido de indeniza&ccedil;&atilde;o por dano moral formulado na inicial&rdquo;, afirmou a ju&iacute;za na senten&ccedil;a.<\/p>\n<p>O processo se refere a mat&eacute;rias da &ldquo;Carta&rdquo; e do &ldquo;Blog do Mino&rdquo; que criticaram a publica&ccedil;&atilde;o de fotografias do dinheiro apreendido pela Policia Federal que serviria, supostamente, para a compra de um dossi&ecirc; contra o ent&atilde;o candidato &agrave; Presid&ecirc;ncia Geraldo Alckmin, em 2006. O caso ficou conhecido como &ldquo;Dossi&ecirc; Vedoin&rdquo;.<\/p>\n<p>&ldquo;O comportamento dos jornalistas verde-amarelos &eacute; algo espantoso. H&aacute; exce&ccedil;&otilde;es, felizmente. A larga maioria curva-se, por&eacute;m, a vontade do patr&atilde;o com a mesura do sabujo. Ou do jagun&ccedil;o? Ou do escravo? Pergunto aos meus bot&otilde;es, n&atilde;o sei se perplexo ou conformado, que vai entre o f&iacute;gado e a alma de Lilian Christofoletti, da Folha, de Paulo Baraldi, do Estad&atilde;o, de Tatiana Farah, de O Globo, de Andr&eacute; Guilhermo, da Jovem Pan: gravaram a conversa do Delegado nas cercanias do pr&eacute;dio da Pol&iacute;cia Federal na Lapa de Baixo&#8230;.&rdquo;, escreveu Mino em seu blog.<\/p>\n<p>Na a&ccedil;&atilde;o, Lilian alega que foi chamada de &ldquo;perdigueiro da informa&ccedil;&atilde;o&rdquo;, &ldquo;sabuja&rdquo;, &ldquo;jagun&ccedil;a&rdquo; e &ldquo;escrava&rdquo;. Afirma ainda que, ap&oacute;s a veicula&ccedil;&atilde;o das mat&eacute;rias na Carta e no blog, ela foi alvo de v&aacute;rias cr&iacute;ticas de outros jornalistas, de emails depreciando sua conduta profissional, &eacute;tica e moral e at&eacute; mesmo com amea&ccedil;as de morte.<\/p>\n<p>No entendimento de Val&eacute;ria, os adjetivos n&atilde;o foram direcionados diretamente &agrave; autora, mas sim ao &ldquo;comportamento dos jornalistas verde-amarelos&rdquo;.<\/p>\n<p>&ldquo;Entendo (&#8230;) que n&atilde;o houve agress&otilde;es pessoais a autora. O esp&iacute;rito cr&iacute;tico &eacute; que norteou as reportagens postas &agrave; discuss&atilde;o na peti&ccedil;&atilde;o inicial. N&atilde;o houve &#39;animus injuriandi&#39;, desde que n&atilde;o h&aacute; diretamente nenhuma ofensa pessoal &agrave; autora, mas sim, cr&iacute;ticas &agrave; forma de condu&ccedil;&atilde;o dos trabalhos por ela realizados naquele caso&rdquo;, disse a magistrada na senten&ccedil;a, que tamb&eacute;m condenou a rep&oacute;rter da Folha ao pagamento de R$ 1 mil a cada r&eacute;u para o pagamento das custas processuais e honor&aacute;rios advocat&iacute;cios.<\/p>\n<p><em>Com informa&ccedil;&otilde;es do Consultor Jur&iacute;dico.<\/em><\/p>\n","protected":false},"excerpt":{"rendered":"<p>Jornalistas t&ecirc;m direito a criticar o trabalho de outros jornalistas. Esse &eacute; o entendimento da ju&iacute;za Val&eacute;ria Longobardi Maldonado. No in&iacute;cio de setembro, a magistrada da 29&ordf; Vara C&iacute;vel de S&atilde;o Paulo negou pedido de indeniza&ccedil;&atilde;o feito pela rep&oacute;rter da Folha de S. Paulo Lilian Christofoletti contra Mino Carta, Ant&ocirc;nio Carlos Queiroz, Raimundo Rodrigues Pereira &hellip; <a href=\"https:\/\/obscom.intervozes.org.br\/?p=22144\" class=\"more-link\">Continue lendo <span class=\"screen-reader-text\">Decis\u00e3o da Justi\u00e7a em a\u00e7\u00e3o contra revista refor\u00e7a necessidade da m\u00eddia fazer auto-cr\u00edtica<\/span> <span class=\"meta-nav\">&rarr;<\/span><\/a><\/p>\n","protected":false},"author":1,"featured_media":0,"comment_status":"open","ping_status":"open","sticky":false,"template":"","format":"standard","meta":{"footnotes":""},"categories":[40],"tags":[272],"_links":{"self":[{"href":"https:\/\/obscom.intervozes.org.br\/index.php?rest_route=\/wp\/v2\/posts\/22144"}],"collection":[{"href":"https:\/\/obscom.intervozes.org.br\/index.php?rest_route=\/wp\/v2\/posts"}],"about":[{"href":"https:\/\/obscom.intervozes.org.br\/index.php?rest_route=\/wp\/v2\/types\/post"}],"author":[{"embeddable":true,"href":"https:\/\/obscom.intervozes.org.br\/index.php?rest_route=\/wp\/v2\/users\/1"}],"replies":[{"embeddable":true,"href":"https:\/\/obscom.intervozes.org.br\/index.php?rest_route=%2Fwp%2Fv2%2Fcomments&post=22144"}],"version-history":[{"count":0,"href":"https:\/\/obscom.intervozes.org.br\/index.php?rest_route=\/wp\/v2\/posts\/22144\/revisions"}],"wp:attachment":[{"href":"https:\/\/obscom.intervozes.org.br\/index.php?rest_route=%2Fwp%2Fv2%2Fmedia&parent=22144"}],"wp:term":[{"taxonomy":"category","embeddable":true,"href":"https:\/\/obscom.intervozes.org.br\/index.php?rest_route=%2Fwp%2Fv2%2Fcategories&post=22144"},{"taxonomy":"post_tag","embeddable":true,"href":"https:\/\/obscom.intervozes.org.br\/index.php?rest_route=%2Fwp%2Fv2%2Ftags&post=22144"}],"curies":[{"name":"wp","href":"https:\/\/api.w.org\/{rel}","templated":true}]}}