{"id":22143,"date":"2008-11-19T17:12:01","date_gmt":"2008-11-19T17:12:01","guid":{"rendered":"https:\/\/obscom.intervozes.org.br\/wordpress\/?p=22143"},"modified":"2008-11-19T17:12:01","modified_gmt":"2008-11-19T17:12:01","slug":"primeira-audiencia-publica-do-conselho-curador-da-ebc-sera-realizada-em-marco","status":"publish","type":"post","link":"https:\/\/obscom.intervozes.org.br\/?p=22143","title":{"rendered":"Primeira audi\u00eancia p\u00fablica do Conselho Curador da EBC ser\u00e1 realizada em mar\u00e7o"},"content":{"rendered":"<p>   \t \t \t \t \t<!-- \t\t@page { margin: 2cm } \t\tP { margin-bottom: 0.21cm } \t--> \t  <\/p>\n<p style=\"margin-bottom: 0cm\" class=\"western padrao\"><u><strong>Reproduzido da Ag&ecirc;ncia Brasil<\/strong><\/u><\/p>\n<p>O Conselho Curador da Empresa Brasil de Comunica&ccedil;&atilde;o (EBC), decidiu hoje (18), durante reuni&atilde;o extraordin&aacute;ria, que a primeira audi&ecirc;ncia p&uacute;blica sobre os trabalhos da TV Brasil ser&aacute; realizada no dia 24 de mar&ccedil;o de 2009.<\/p>\n<p>De acordo com o presidente do conselho, o economista Luiz Gonzaga Belluzzo, a realiza&ccedil;&atilde;o da audi&ecirc;ncia &eacute; de extrema import&acirc;ncia, porque os cidad&atilde;os e institui&ccedil;&otilde;es da sociedade civil &ldquo;t&ecirc;m a fun&ccedil;&atilde;o tamb&eacute;m de questionar a n&oacute;s e &agrave; diretoria executiva, sobre o andamento desse projeto, que &eacute; um projeto muito importante para a sociedade brasileira e que n&atilde;o pode ser deixado apenas para as pessoas que est&atilde;o imediatamente cuidando disso, &eacute; preciso que a sociedade se manifeste&rdquo;.<\/p>\n<p>Outro ponto discutido na reuni&atilde;o foi a elei&ccedil;&atilde;o do representante dos funcion&aacute;rios da EBC no Conselho Curador, que vai ser realizada na pr&oacute;xima sexta-feira (21). Belluzzo ressaltou que &eacute; muito oportuno que os empregados da empresa participem das decis&otilde;es estrat&eacute;gicas e dos debates sobre o conte&uacute;do da TV p&uacute;blica.<\/p>\n<p>&ldquo;N&oacute;s s&oacute; queremos sugerir que as quest&otilde;es trabalhistas, sindicais, n&atilde;o devem ser tratadas nesse &acirc;mbito aqui, isso a&iacute; tem que ser tratado no conselho de administra&ccedil;&atilde;o, porque n&oacute;s n&atilde;o temos nem compet&ecirc;ncia pra resolver essas quest&otilde;es&rdquo;, ponderou.<\/p>\n<p>O &uacute;ltimo ponto da pauta foi o in&iacute;cio das discuss&otilde;es sobre o planejamento da empresa para 2009. Contudo, o conselheiro explicou que agora o debate foi apenas iniciado, sem decis&otilde;es sobre os planos para o ano que vem. Ele tamb&eacute;m informou que j&aacute; existe uma previs&atilde;o de or&ccedil;amento para o pr&oacute;ximo ano, mas n&atilde;o forneceu n&uacute;meros.<\/p>\n","protected":false},"excerpt":{"rendered":"<p>Reproduzido da Ag&ecirc;ncia Brasil O Conselho Curador da Empresa Brasil de Comunica&ccedil;&atilde;o (EBC), decidiu hoje (18), durante reuni&atilde;o extraordin&aacute;ria, que a primeira audi&ecirc;ncia p&uacute;blica sobre os trabalhos da TV Brasil ser&aacute; realizada no dia 24 de mar&ccedil;o de 2009. De acordo com o presidente do conselho, o economista Luiz Gonzaga Belluzzo, a realiza&ccedil;&atilde;o da audi&ecirc;ncia &hellip; <a href=\"https:\/\/obscom.intervozes.org.br\/?p=22143\" class=\"more-link\">Continue lendo <span class=\"screen-reader-text\">Primeira audi\u00eancia p\u00fablica do Conselho Curador da EBC ser\u00e1 realizada em mar\u00e7o<\/span> <span class=\"meta-nav\">&rarr;<\/span><\/a><\/p>\n","protected":false},"author":1,"featured_media":0,"comment_status":"open","ping_status":"open","sticky":false,"template":"","format":"standard","meta":{"footnotes":""},"categories":[39],"tags":[],"_links":{"self":[{"href":"https:\/\/obscom.intervozes.org.br\/index.php?rest_route=\/wp\/v2\/posts\/22143"}],"collection":[{"href":"https:\/\/obscom.intervozes.org.br\/index.php?rest_route=\/wp\/v2\/posts"}],"about":[{"href":"https:\/\/obscom.intervozes.org.br\/index.php?rest_route=\/wp\/v2\/types\/post"}],"author":[{"embeddable":true,"href":"https:\/\/obscom.intervozes.org.br\/index.php?rest_route=\/wp\/v2\/users\/1"}],"replies":[{"embeddable":true,"href":"https:\/\/obscom.intervozes.org.br\/index.php?rest_route=%2Fwp%2Fv2%2Fcomments&post=22143"}],"version-history":[{"count":0,"href":"https:\/\/obscom.intervozes.org.br\/index.php?rest_route=\/wp\/v2\/posts\/22143\/revisions"}],"wp:attachment":[{"href":"https:\/\/obscom.intervozes.org.br\/index.php?rest_route=%2Fwp%2Fv2%2Fmedia&parent=22143"}],"wp:term":[{"taxonomy":"category","embeddable":true,"href":"https:\/\/obscom.intervozes.org.br\/index.php?rest_route=%2Fwp%2Fv2%2Fcategories&post=22143"},{"taxonomy":"post_tag","embeddable":true,"href":"https:\/\/obscom.intervozes.org.br\/index.php?rest_route=%2Fwp%2Fv2%2Ftags&post=22143"}],"curies":[{"name":"wp","href":"https:\/\/api.w.org\/{rel}","templated":true}]}}