{"id":22137,"date":"2008-11-18T13:29:59","date_gmt":"2008-11-18T13:29:59","guid":{"rendered":"https:\/\/obscom.intervozes.org.br\/wordpress\/?p=22137"},"modified":"2008-11-18T13:29:59","modified_gmt":"2008-11-18T13:29:59","slug":"decisao-sobre-backhaul-so-e-boa-para-empresas-diz-bechara","status":"publish","type":"post","link":"https:\/\/obscom.intervozes.org.br\/?p=22137","title":{"rendered":"Decis\u00e3o sobre backhaul s\u00f3 \u00e9 boa para empresas, diz Bechara"},"content":{"rendered":"<p>   \t \t \t \t \t<!-- \t\t@page { margin: 2cm } \t\tP { margin-bottom: 0.21cm } \t--> \t  <\/p>\n<p style=\"margin-bottom: 0cm; page-break-before: always\" class=\"western padrao\">A decis&atilde;o de tutela antecipada concedida pela 6&ordf; Vara do Distrito Federal suspendendo a troca de Postos de Servi&ccedil;os de Telecomunica&ccedil;&otilde;es (PSTs) por backhaul, conforme previsto no Plano Geral de Metas de Universaliza&ccedil;&atilde;o (PGMU), n&atilde;o afeta de maneira alguma o programa Banda Larga nas Escolas, explica o consultor jur&iacute;dico do Minist&eacute;rio das Comunica&ccedil;&otilde;es, Marcelo Bechara. Para Bechara, ainda que a universaliza&ccedil;&atilde;o do backhaul e o programa de banda larga nas escolas sejam pol&iacute;ticas p&uacute;blicas de inclus&atilde;o digital, s&atilde;o dois projetos independentes, baseados em aditivos contratuais diferentes: enquanto as obriga&ccedil;&otilde;es de backhaul est&atilde;o no aditivo ao contrato de concess&atilde;o, o programa de banda larga est&aacute; no aditivo do Servi&ccedil;o de Comunica&ccedil;&atilde;o Multim&iacute;dia (SCM). Ainda segundo o consultor, se as empresas n&atilde;o tiverem backhaul nas cidades para cumprir as metas do Banda Larga nas Escolas, cabe a elas encontrar uma alternativa. <\/p>\n<p>Para Marcelo Bechara, a decis&atilde;o da ju&iacute;za Maria Cec&iacute;lia de Marco Rocha &eacute; boa para as empresas e ruim para o consumidor, pois interrompe um programa que trazia benef&iacute;cios para a sociedade sem restabelecer a obriga&ccedil;&atilde;o dos PSTs. &quot;&Eacute; grave que se paralise completamente uma obriga&ccedil;&atilde;o na espera de uma decis&atilde;o judicial sobre a reversibilidade do backhaul. N&atilde;o existe nenhum preju&iacute;zo a que se mantenha o programa, pois n&atilde;o haveria dano irrepar&aacute;vel&quot;, explica Bechara. <\/p>\n<p>Ele tamb&eacute;m questiona a argumenta&ccedil;&atilde;o em que a ju&iacute;za se baseou para conceder a tutela antecipada. &quot;As empresas, quando colocaram d&uacute;vidas sobre a reversibilidade, o fizeram em uma consulta p&uacute;blica. Consulta p&uacute;blica serve para que as empresas digam o que querem. Mas o que vale efetivamente &eacute; a posi&ccedil;&atilde;o da Ag&ecirc;ncia Nacional de Telecomunica&ccedil;&otilde;es (Anatel), e esta posi&ccedil;&atilde;o &eacute; clara: backhaul &eacute; bem revers&iacute;vel&quot;, diz o consultor jur&iacute;dico. <\/p>\n<p>O consultor jur&iacute;dico lembra que existe uma grande complexidade nos temas relacionados ao direito de telecomunica&ccedil;&otilde;es e que muitas vezes isso pode atrapalhar o julgamento preciso. &quot;Por isso, o governo, atrav&eacute;s de sua procuradoria, apresentar&aacute; o recurso assim que for notificado.&rdquo; <\/p>\n<p>Bechara lembra que n&atilde;o existe nem a possibilidade de a Anatel reiterar a reversibilidade do backhaul. &quot;A ju&iacute;za n&atilde;o pediu isso na sua decis&atilde;o. Ela disse que &eacute; ela quem vai decidir sobre a reversibilidade e que, at&eacute; l&aacute;, a troca de PSTs por backhaul est&aacute; suspensa. Ou seja, &eacute; uma decis&atilde;o conservadora que n&atilde;o trar&aacute; nenhum benef&iacute;cio para a sociedade. Ao contr&aacute;rio, s&oacute; beneficia as empresas.&rdquo;<\/p>\n<p>Ele lembra que &eacute; estranho que uma associa&ccedil;&atilde;o de defesa do consumidor, como a ProTeste, tenha feito o pedido nestes termos. &quot;Se quiserem conversar sobre isso, podemos esclarecer quais os benef&iacute;cios do backhaul.&rdquo; Bechara lembrou que a sua posi&ccedil;&atilde;o, tamb&eacute;m j&aacute; manifestada publicamente, &eacute; que backhaul &eacute; indiscutivelmente parte dos bens revers&iacute;veis.<\/p>\n","protected":false},"excerpt":{"rendered":"<p>A decis&atilde;o de tutela antecipada concedida pela 6&ordf; Vara do Distrito Federal suspendendo a troca de Postos de Servi&ccedil;os de Telecomunica&ccedil;&otilde;es (PSTs) por backhaul, conforme previsto no Plano Geral de Metas de Universaliza&ccedil;&atilde;o (PGMU), n&atilde;o afeta de maneira alguma o programa Banda Larga nas Escolas, explica o consultor jur&iacute;dico do Minist&eacute;rio das Comunica&ccedil;&otilde;es, Marcelo Bechara. &hellip; <a href=\"https:\/\/obscom.intervozes.org.br\/?p=22137\" class=\"more-link\">Continue lendo <span class=\"screen-reader-text\">Decis\u00e3o sobre backhaul s\u00f3 \u00e9 boa para empresas, diz Bechara<\/span> <span class=\"meta-nav\">&rarr;<\/span><\/a><\/p>\n","protected":false},"author":1,"featured_media":0,"comment_status":"open","ping_status":"open","sticky":false,"template":"","format":"standard","meta":{"footnotes":""},"categories":[40],"tags":[720],"_links":{"self":[{"href":"https:\/\/obscom.intervozes.org.br\/index.php?rest_route=\/wp\/v2\/posts\/22137"}],"collection":[{"href":"https:\/\/obscom.intervozes.org.br\/index.php?rest_route=\/wp\/v2\/posts"}],"about":[{"href":"https:\/\/obscom.intervozes.org.br\/index.php?rest_route=\/wp\/v2\/types\/post"}],"author":[{"embeddable":true,"href":"https:\/\/obscom.intervozes.org.br\/index.php?rest_route=\/wp\/v2\/users\/1"}],"replies":[{"embeddable":true,"href":"https:\/\/obscom.intervozes.org.br\/index.php?rest_route=%2Fwp%2Fv2%2Fcomments&post=22137"}],"version-history":[{"count":0,"href":"https:\/\/obscom.intervozes.org.br\/index.php?rest_route=\/wp\/v2\/posts\/22137\/revisions"}],"wp:attachment":[{"href":"https:\/\/obscom.intervozes.org.br\/index.php?rest_route=%2Fwp%2Fv2%2Fmedia&parent=22137"}],"wp:term":[{"taxonomy":"category","embeddable":true,"href":"https:\/\/obscom.intervozes.org.br\/index.php?rest_route=%2Fwp%2Fv2%2Fcategories&post=22137"},{"taxonomy":"post_tag","embeddable":true,"href":"https:\/\/obscom.intervozes.org.br\/index.php?rest_route=%2Fwp%2Fv2%2Ftags&post=22137"}],"curies":[{"name":"wp","href":"https:\/\/api.w.org\/{rel}","templated":true}]}}