{"id":22134,"date":"2008-11-17T19:22:25","date_gmt":"2008-11-17T19:22:25","guid":{"rendered":"https:\/\/obscom.intervozes.org.br\/wordpress\/?p=22134"},"modified":"2008-11-17T19:22:25","modified_gmt":"2008-11-17T19:22:25","slug":"emissoras-publicas-compartilharao-infra-estrutura-de-transmissao-digital","status":"publish","type":"post","link":"https:\/\/obscom.intervozes.org.br\/?p=22134","title":{"rendered":"Emissoras p\u00fablicas compartilhar\u00e3o infra-estrutura de transmiss\u00e3o digital"},"content":{"rendered":"<p><span class=\"padrao\"><u><strong>Reproduzido do TelaViva News<\/strong><\/u><\/p>\n<p>A TV Brasil assinar&aacute; em breve um conv&ecirc;nio com outras TVs p&uacute;blicas federais (TV C&acirc;mara, TV Justi&ccedil;a, TV Senado e Canal da Educa&ccedil;&atilde;o &#8211; a ser criado pelo MEC) para criar um cons&oacute;rcio de compartilhamento de infra-estrutura para a transi&ccedil;&atilde;o para a TV digital. A id&eacute;ia, segundo Tereza Cruvinel, presidente da TV Brasil, &eacute; criar um operador de rede que fa&ccedil;a os investimentos em infra-estrutura a ser compartilhada pelas emissoras.<\/p>\n<p>O coordenador do cons&oacute;rcio tende a ser a pr&oacute;pria Empresa Brasil de Comunica&ccedil;&atilde;o (EBC &#8211; holding controladora da TV Brasil), mas com investimentos de todos. Esse cons&oacute;rcio &eacute; que deve ajudar inclusive no processo de digitaliza&ccedil;&atilde;o da rede p&uacute;blica nos Estados.<\/p>\n<p>A TV Brasil inaugura suas transmiss&otilde;es digitais em S&atilde;o Paulo no dia 2 de dezembro. Outras cidades em que haver&aacute; gera&ccedil;&atilde;o digital no curto prazo s&atilde;o Rio e Brasi&iacute;lia.<\/p>\n<p>Paralelamente, a fim de ampliar a sua capilaridade, a TV Brasil solicitou ao Minist&eacute;rio das Comunica&ccedil;&otilde;es 39 retransmissoras em todo o Brasil para levar o sinal anal&oacute;gico da rede &agrave;s regi&otilde;es n&atilde;o atendidas. <\/span> \t \t \t \t<!-- \t\t@page { margin: 2cm } \t\tP { margin-bottom: 0.21<span class=\"padrao\"--><\/p>\n","protected":false},"excerpt":{"rendered":"<p>Reproduzido do TelaViva News A TV Brasil assinar&aacute; em breve um conv&ecirc;nio com outras TVs p&uacute;blicas federais (TV C&acirc;mara, TV Justi&ccedil;a, TV Senado e Canal da Educa&ccedil;&atilde;o &#8211; a ser criado pelo MEC) para criar um cons&oacute;rcio de compartilhamento de infra-estrutura para a transi&ccedil;&atilde;o para a TV digital. A id&eacute;ia, segundo Tereza Cruvinel, presidente da &hellip; <a href=\"https:\/\/obscom.intervozes.org.br\/?p=22134\" class=\"more-link\">Continue lendo <span class=\"screen-reader-text\">Emissoras p\u00fablicas compartilhar\u00e3o infra-estrutura de transmiss\u00e3o digital<\/span> <span class=\"meta-nav\">&rarr;<\/span><\/a><\/p>\n","protected":false},"author":1,"featured_media":0,"comment_status":"open","ping_status":"open","sticky":false,"template":"","format":"standard","meta":{"footnotes":""},"categories":[39],"tags":[],"_links":{"self":[{"href":"https:\/\/obscom.intervozes.org.br\/index.php?rest_route=\/wp\/v2\/posts\/22134"}],"collection":[{"href":"https:\/\/obscom.intervozes.org.br\/index.php?rest_route=\/wp\/v2\/posts"}],"about":[{"href":"https:\/\/obscom.intervozes.org.br\/index.php?rest_route=\/wp\/v2\/types\/post"}],"author":[{"embeddable":true,"href":"https:\/\/obscom.intervozes.org.br\/index.php?rest_route=\/wp\/v2\/users\/1"}],"replies":[{"embeddable":true,"href":"https:\/\/obscom.intervozes.org.br\/index.php?rest_route=%2Fwp%2Fv2%2Fcomments&post=22134"}],"version-history":[{"count":0,"href":"https:\/\/obscom.intervozes.org.br\/index.php?rest_route=\/wp\/v2\/posts\/22134\/revisions"}],"wp:attachment":[{"href":"https:\/\/obscom.intervozes.org.br\/index.php?rest_route=%2Fwp%2Fv2%2Fmedia&parent=22134"}],"wp:term":[{"taxonomy":"category","embeddable":true,"href":"https:\/\/obscom.intervozes.org.br\/index.php?rest_route=%2Fwp%2Fv2%2Fcategories&post=22134"},{"taxonomy":"post_tag","embeddable":true,"href":"https:\/\/obscom.intervozes.org.br\/index.php?rest_route=%2Fwp%2Fv2%2Ftags&post=22134"}],"curies":[{"name":"wp","href":"https:\/\/api.w.org\/{rel}","templated":true}]}}