{"id":22128,"date":"2008-11-14T17:54:52","date_gmt":"2008-11-14T17:54:52","guid":{"rendered":"https:\/\/obscom.intervozes.org.br\/wordpress\/?p=22128"},"modified":"2008-11-14T17:54:52","modified_gmt":"2008-11-14T17:54:52","slug":"pedidos-de-salvaguardas-as-teles-e-aos-direitos-do-consumidor-marcam-audiencia-publica","status":"publish","type":"post","link":"https:\/\/obscom.intervozes.org.br\/?p=22128","title":{"rendered":"Pedidos de salvaguardas \u00e0s teles e aos direitos do consumidor marcam audi\u00eancia p\u00fablica"},"content":{"rendered":"<p>   \t \t \t \t \t<!-- \t\t@page { margin: 2cm } \t\tP { margin-bottom: 0.21cm } \t--> \t   <\/p>\n<p style=\"margin-bottom: 0cm\" class=\"western padrao\">O presidente da Associa&ccedil;&atilde;o Brasileira de TV por Assinatura, Alexandre Annenberg, defendeu a implanta&ccedil;&atilde;o de medidas que estimulem a competi&ccedil;&atilde;o no setor de telecomunica&ccedil;&otilde;es antes de se abrir amplamente o mercado de TV por assinatura &agrave;s empresas de telefonia. Annenberg participou hoje de audi&ecirc;ncia p&uacute;blica da Comiss&atilde;o de Defesa do Consumidor da C&acirc;mara dos Deputados para discutir o Projeto de Lei 29\/2007, que define novas regras para o setor. <\/p>\n<p>&quot;Que venham as teles, mas com algumas salvaguardas para impedir que o monop&oacute;lio das teles transborde para o setor de TV por assinatura&quot;, afirmou. Entre essas medidas pr&oacute;-competi&ccedil;&atilde;o estariam a abertura das redes das concession&aacute;rias de telefonia fixa a outras empresas e o fim de subs&iacute;dios cruzados que ocorreriam, segundo ele, entre os servi&ccedil;os de telefonia fixa e de banda larga.<\/p>\n<p>A diretora da Associa&ccedil;&atilde;o Neo TV, Neusa Risette, disse que &eacute; preciso aprimorar o substitutivo apresentado pelo deputado Jorge Bittar (PT-RJ) na Comiss&atilde;o de Ci&ecirc;ncia e Tecnologia. Ela criticou o sistema de cotas sugerido pelo deputado com o objetivo de se garantir espa&ccedil;o para a programa&ccedil;&atilde;o nacional na grade das operadoras de TV paga. &quot;Em vez de ter cotas, que v&atilde;o onerar a cadeia toda e n&atilde;o trar&atilde;o qualidade, por que n&atilde;o criar um incentivo fiscal para o operador que carregar mais e mais conte&uacute;do brasileiro?&quot;, questionou.<\/p>\n<p>Annenberg tamb&eacute;m criticou o sistema de cotas. &quot;Tem formas muito mais eficazes para se ter mais conte&uacute;do nacional&quot;, afirmou. &quot;As cotas acabam criando uma reserva de mercado, que &eacute; o pior modelo para garantir a qualidade de qualquer coisa&quot;, acrescentou.<\/p>\n<p>A representante da Associa&ccedil;&atilde;o Brasileira de Defesa do Consumidor Proteste, Vanessa Alves, lamentou que o projeto de lei trate do direito dos assinantes de TV paga em apenas tr&ecirc;s artigos. &quot;&Eacute; preciso tornar a lei o que est&aacute; em resolu&ccedil;&atilde;o da Anatel&quot;, disse ela, referindo-se ao regulamento da Ag&ecirc;ncia Nacional de Telecomunica&ccedil;&otilde;es que estabelece uma s&eacute;rie de direitos dos clientes de TV por assinatura.<\/p>\n<p>A Comiss&atilde;o far&aacute; mais duas audi&ecirc;ncias p&uacute;blicas neste m&ecirc;s para debater o assunto. Na semana passada, participaram dos debates representantes das empresas de telefonia, que foram un&acirc;nimes em defender altera&ccedil;&atilde;o nas regras do setor para permitir a participa&ccedil;&atilde;o integral delas na distribui&ccedil;&atilde;o de conte&uacute;do.<\/p>\n<p>O projeto de lei tramita na C&acirc;mara desde o in&iacute;cio de 2007 e j&aacute; passou pelas comiss&otilde;es de Desenvolvimento Econ&ocirc;mico e de Ci&ecirc;ncia e Tecnologia. Nesta &uacute;ltima, o parecer de Bittar n&atilde;o chegou a ser votado porque a comiss&atilde;o de Defesa do Consumidor solicitou que a proposta fosse apreciada prioritariamente por seus integrantes e depois voltasse &agrave; Comiss&atilde;o de Ci&ecirc;ncia e Tecnologia.<\/p>\n","protected":false},"excerpt":{"rendered":"<p>O presidente da Associa&ccedil;&atilde;o Brasileira de TV por Assinatura, Alexandre Annenberg, defendeu a implanta&ccedil;&atilde;o de medidas que estimulem a competi&ccedil;&atilde;o no setor de telecomunica&ccedil;&otilde;es antes de se abrir amplamente o mercado de TV por assinatura &agrave;s empresas de telefonia. Annenberg participou hoje de audi&ecirc;ncia p&uacute;blica da Comiss&atilde;o de Defesa do Consumidor da C&acirc;mara dos Deputados &hellip; <a href=\"https:\/\/obscom.intervozes.org.br\/?p=22128\" class=\"more-link\">Continue lendo <span class=\"screen-reader-text\">Pedidos de salvaguardas \u00e0s teles e aos direitos do consumidor marcam audi\u00eancia p\u00fablica<\/span> <span class=\"meta-nav\">&rarr;<\/span><\/a><\/p>\n","protected":false},"author":1,"featured_media":0,"comment_status":"open","ping_status":"open","sticky":false,"template":"","format":"standard","meta":{"footnotes":""},"categories":[40],"tags":[556],"_links":{"self":[{"href":"https:\/\/obscom.intervozes.org.br\/index.php?rest_route=\/wp\/v2\/posts\/22128"}],"collection":[{"href":"https:\/\/obscom.intervozes.org.br\/index.php?rest_route=\/wp\/v2\/posts"}],"about":[{"href":"https:\/\/obscom.intervozes.org.br\/index.php?rest_route=\/wp\/v2\/types\/post"}],"author":[{"embeddable":true,"href":"https:\/\/obscom.intervozes.org.br\/index.php?rest_route=\/wp\/v2\/users\/1"}],"replies":[{"embeddable":true,"href":"https:\/\/obscom.intervozes.org.br\/index.php?rest_route=%2Fwp%2Fv2%2Fcomments&post=22128"}],"version-history":[{"count":0,"href":"https:\/\/obscom.intervozes.org.br\/index.php?rest_route=\/wp\/v2\/posts\/22128\/revisions"}],"wp:attachment":[{"href":"https:\/\/obscom.intervozes.org.br\/index.php?rest_route=%2Fwp%2Fv2%2Fmedia&parent=22128"}],"wp:term":[{"taxonomy":"category","embeddable":true,"href":"https:\/\/obscom.intervozes.org.br\/index.php?rest_route=%2Fwp%2Fv2%2Fcategories&post=22128"},{"taxonomy":"post_tag","embeddable":true,"href":"https:\/\/obscom.intervozes.org.br\/index.php?rest_route=%2Fwp%2Fv2%2Ftags&post=22128"}],"curies":[{"name":"wp","href":"https:\/\/api.w.org\/{rel}","templated":true}]}}