{"id":22126,"date":"2008-11-14T17:43:48","date_gmt":"2008-11-14T17:43:48","guid":{"rendered":"https:\/\/obscom.intervozes.org.br\/wordpress\/?p=22126"},"modified":"2008-11-14T17:43:48","modified_gmt":"2008-11-14T17:43:48","slug":"anatel-deve-autorizar-tres-padroes-tecnologicos-para-banda-larga-via-rede-eletrica","status":"publish","type":"post","link":"https:\/\/obscom.intervozes.org.br\/?p=22126","title":{"rendered":"Anatel deve autorizar tr\u00eas padr\u00f5es tecnol\u00f3gicos para banda larga via rede el\u00e9trica"},"content":{"rendered":"<p>   \t \t \t \t \t<!-- \t\t@page { margin: 2cm } \t\tP { margin-bottom: 0.21cm } \t--> \t  <\/p>\n<p style=\"margin-bottom: 0cm\" class=\"western\"><span class=\"padrao\">Seguindo a tend&ecirc;ncia mundial, o Brasil n&atilde;o escolher&aacute; um &uacute;nico padr&atilde;o de PLC (Power Line Communications) para o pa&iacute;s. Os textos discutidos pela Ag&ecirc;ncia Nacional de Telecomunica&ccedil;&otilde;es (Anatel) em consulta p&uacute;blica n&atilde;o prev&ecirc;em a escolha entre o padr&atilde;o japon&ecirc;s, o americano e o europeu. <\/p>\n<p>A decis&atilde;o pode estar ligada ao crescimento da classe C, que tem atra&iacute;do grupos estrangeiros interessados em explorar a banda larga por rede el&eacute;trica no pa&iacute;s.<\/p>\n<p>Um desses grupos &eacute; a Panasonic que planeja produzir modems no padr&atilde;o japon&ecirc;s. De acordo com Eduardo Kitayama, chefe de neg&oacute;cios industriais da multinacional, todos os padr&otilde;es s&atilde;o vi&aacute;veis mesmo que n&atilde;o se comuniquem entre si. &quot;O que temos visto pelo mundo s&atilde;o a ado&ccedil;&atilde;o n&atilde;o s&oacute; de v&aacute;rios padr&otilde;es de PLC, mas tamb&eacute;m a ado&ccedil;&atilde;o de v&aacute;rias tecnologias diferentes para expandir a penetra&ccedil;&atilde;o da banda larga&rdquo;, diz o executivo. <\/p>\n<p>Ele tamb&eacute;m disse que a produ&ccedil;&atilde;o local ser&aacute; iniciada assim que houver escala no mercado interno. &ldquo;Como o Brasil tem extensas &aacute;reas rurais onde &eacute; caro construir uma infra-estrutura de cabos para banda larga, a rede el&eacute;trica mostra um grande potencial, pois serve de infra para levar o sinal&rdquo;, diz Kitayama.<\/p>\n<p>A AES Eletropaulo colocar&aacute; em funcionamento uma casa conectada &agrave; web pela rede el&eacute;trica ainda essa semana. O servi&ccedil;o ser&aacute; explorado em parceria com uma operadora de internet j&aacute; presente no mecado.<\/p>\n<p><em>Com informa&ccedil;&otilde;es do Plant&atilde;o Info.<\/em><\/span><\/p>\n<p style=\"margin-bottom: 0cm\" class=\"western\"><span class=\"padrao\"><br \/><\/span> <\/p>\n","protected":false},"excerpt":{"rendered":"<p>Seguindo a tend&ecirc;ncia mundial, o Brasil n&atilde;o escolher&aacute; um &uacute;nico padr&atilde;o de PLC (Power Line Communications) para o pa&iacute;s. Os textos discutidos pela Ag&ecirc;ncia Nacional de Telecomunica&ccedil;&otilde;es (Anatel) em consulta p&uacute;blica n&atilde;o prev&ecirc;em a escolha entre o padr&atilde;o japon&ecirc;s, o americano e o europeu. A decis&atilde;o pode estar ligada ao crescimento da classe C, que &hellip; <a href=\"https:\/\/obscom.intervozes.org.br\/?p=22126\" class=\"more-link\">Continue lendo <span class=\"screen-reader-text\">Anatel deve autorizar tr\u00eas padr\u00f5es tecnol\u00f3gicos para banda larga via rede el\u00e9trica<\/span> <span class=\"meta-nav\">&rarr;<\/span><\/a><\/p>\n","protected":false},"author":1,"featured_media":0,"comment_status":"open","ping_status":"open","sticky":false,"template":"","format":"standard","meta":{"footnotes":""},"categories":[40],"tags":[150],"_links":{"self":[{"href":"https:\/\/obscom.intervozes.org.br\/index.php?rest_route=\/wp\/v2\/posts\/22126"}],"collection":[{"href":"https:\/\/obscom.intervozes.org.br\/index.php?rest_route=\/wp\/v2\/posts"}],"about":[{"href":"https:\/\/obscom.intervozes.org.br\/index.php?rest_route=\/wp\/v2\/types\/post"}],"author":[{"embeddable":true,"href":"https:\/\/obscom.intervozes.org.br\/index.php?rest_route=\/wp\/v2\/users\/1"}],"replies":[{"embeddable":true,"href":"https:\/\/obscom.intervozes.org.br\/index.php?rest_route=%2Fwp%2Fv2%2Fcomments&post=22126"}],"version-history":[{"count":0,"href":"https:\/\/obscom.intervozes.org.br\/index.php?rest_route=\/wp\/v2\/posts\/22126\/revisions"}],"wp:attachment":[{"href":"https:\/\/obscom.intervozes.org.br\/index.php?rest_route=%2Fwp%2Fv2%2Fmedia&parent=22126"}],"wp:term":[{"taxonomy":"category","embeddable":true,"href":"https:\/\/obscom.intervozes.org.br\/index.php?rest_route=%2Fwp%2Fv2%2Fcategories&post=22126"},{"taxonomy":"post_tag","embeddable":true,"href":"https:\/\/obscom.intervozes.org.br\/index.php?rest_route=%2Fwp%2Fv2%2Ftags&post=22126"}],"curies":[{"name":"wp","href":"https:\/\/api.w.org\/{rel}","templated":true}]}}