{"id":22118,"date":"2008-11-13T13:22:41","date_gmt":"2008-11-13T13:22:41","guid":{"rendered":"https:\/\/obscom.intervozes.org.br\/wordpress\/?p=22118"},"modified":"2008-11-13T13:22:41","modified_gmt":"2008-11-13T13:22:41","slug":"novo-presidente-do-cade-espera-que-anatel-cobre-medidas-pro-concorrencia-para-autorizar-fusao","status":"publish","type":"post","link":"https:\/\/obscom.intervozes.org.br\/?p=22118","title":{"rendered":"Novo presidente do Cade espera que Anatel cobre medidas pr\u00f3-concorr\u00eancia para autorizar fus\u00e3o"},"content":{"rendered":"<p>   \t \t \t \t \t<!-- \t\t@page { margin: 2cm } \t\tP { margin-bottom: 0.21cm } \t--> \t   <\/p>\n<p style=\"margin-bottom: 0cm\" class=\"western padrao\">O novo presidente do Conselho Administrativo de Defesa Econ&ocirc;mica (Cade), Arthur Badin, afirmou que a Ag&ecirc;ncia Nacional de Telecomunica&ccedil;&otilde;es (Anatel) deve adotar medidas em defesa da concorr&ecirc;ncia ao analisar a anu&ecirc;ncia pr&eacute;via da aquisi&ccedil;&atilde;o da Brasil Telecom pela Oi. A declara&ccedil;&atilde;o foi dada durante a entrevista concedida &agrave; imprensa ap&oacute;s a cerim&ocirc;nia de posse no Minist&eacute;rio da Justi&ccedil;a, nesta quarta-feira (12).<\/p>\n<p>&quot;Acredito que algumas preocupa&ccedil;&otilde;es do ponto de vista concorrencial poder&atilde;o ser resolvidas e prevenidas pela pr&oacute;pria Anatel. O que n&atilde;o tiver sido resolvido ou equacionado suficientemente ser&aacute; analisado pelo conselho com toda a tranq&uuml;ilidade&quot;, afirmou Badin.<\/p>\n<p>Apesar de reconhecer que &eacute; preciso aguardar a conclus&atilde;o das mudan&ccedil;as no Plano Geral de Outorgas (PGO) pelo Executivo, Badin garantiu que a equipe t&eacute;cnica do Cade j&aacute; est&aacute; se preparando para avaliar os riscos de desequil&iacute;brio no mercado de telecomunica&ccedil;&otilde;es. &quot;Temos t&eacute;cnicos organizados no grupo de trabalho que est&atilde;o se aprofundando e pesquisando intensamente esse mercado. Por conta disso, tenho certeza que vai ser analisado de forma r&aacute;pida e muito bem informada&quot;, ressaltou o presidente do &oacute;rg&atilde;o.<\/p>\n<p>O conselheiro do Cade e relator do processo de incorpora&ccedil;&atilde;o da Brasil Telecom, Paulo Furquim, afirmou que aguarda a conclus&atilde;o da fase de instru&ccedil;&atilde;o do caso em que a Anatel indicar&aacute; oficialmente o Cade para analisar a opera&ccedil;&atilde;o. Ele afirmou, nesta quarta-feira (12), que &eacute; impedido de emitir qualquer opini&atilde;o sobre o processo de aquisi&ccedil;&atilde;o das empresas at&eacute; que haja a decis&atilde;o final do colegiado, sob o risco de perda do pr&oacute;prio mandato como conselheiro.<\/p>\n<p>Furquim afirmou que a an&aacute;lise da fus&atilde;o deve ser conclu&iacute;da somente no pr&oacute;ximo ano, se considerado os 60 dias previstos para o &oacute;rg&atilde;o chegar a uma decis&atilde;o. A cl&aacute;usulas do contrato de compra que prev&ecirc;em a multa milion&aacute;ria de R$ 490 milh&otilde;es &ndash; caso opera&ccedil;&atilde;o n&atilde;o seja aprovada antes do dia 21 de dezembro &ndash; serve apenas para a an&aacute;lise da anu&ecirc;ncia pr&eacute;via feita pela Anatel.<\/p>\n","protected":false},"excerpt":{"rendered":"<p>O novo presidente do Conselho Administrativo de Defesa Econ&ocirc;mica (Cade), Arthur Badin, afirmou que a Ag&ecirc;ncia Nacional de Telecomunica&ccedil;&otilde;es (Anatel) deve adotar medidas em defesa da concorr&ecirc;ncia ao analisar a anu&ecirc;ncia pr&eacute;via da aquisi&ccedil;&atilde;o da Brasil Telecom pela Oi. A declara&ccedil;&atilde;o foi dada durante a entrevista concedida &agrave; imprensa ap&oacute;s a cerim&ocirc;nia de posse no &hellip; <a href=\"https:\/\/obscom.intervozes.org.br\/?p=22118\" class=\"more-link\">Continue lendo <span class=\"screen-reader-text\">Novo presidente do Cade espera que Anatel cobre medidas pr\u00f3-concorr\u00eancia para autorizar fus\u00e3o<\/span> <span class=\"meta-nav\">&rarr;<\/span><\/a><\/p>\n","protected":false},"author":1,"featured_media":0,"comment_status":"open","ping_status":"open","sticky":false,"template":"","format":"standard","meta":{"footnotes":""},"categories":[40],"tags":[779],"_links":{"self":[{"href":"https:\/\/obscom.intervozes.org.br\/index.php?rest_route=\/wp\/v2\/posts\/22118"}],"collection":[{"href":"https:\/\/obscom.intervozes.org.br\/index.php?rest_route=\/wp\/v2\/posts"}],"about":[{"href":"https:\/\/obscom.intervozes.org.br\/index.php?rest_route=\/wp\/v2\/types\/post"}],"author":[{"embeddable":true,"href":"https:\/\/obscom.intervozes.org.br\/index.php?rest_route=\/wp\/v2\/users\/1"}],"replies":[{"embeddable":true,"href":"https:\/\/obscom.intervozes.org.br\/index.php?rest_route=%2Fwp%2Fv2%2Fcomments&post=22118"}],"version-history":[{"count":0,"href":"https:\/\/obscom.intervozes.org.br\/index.php?rest_route=\/wp\/v2\/posts\/22118\/revisions"}],"wp:attachment":[{"href":"https:\/\/obscom.intervozes.org.br\/index.php?rest_route=%2Fwp%2Fv2%2Fmedia&parent=22118"}],"wp:term":[{"taxonomy":"category","embeddable":true,"href":"https:\/\/obscom.intervozes.org.br\/index.php?rest_route=%2Fwp%2Fv2%2Fcategories&post=22118"},{"taxonomy":"post_tag","embeddable":true,"href":"https:\/\/obscom.intervozes.org.br\/index.php?rest_route=%2Fwp%2Fv2%2Ftags&post=22118"}],"curies":[{"name":"wp","href":"https:\/\/api.w.org\/{rel}","templated":true}]}}