{"id":22109,"date":"2008-11-11T17:14:37","date_gmt":"2008-11-11T17:14:37","guid":{"rendered":"https:\/\/obscom.intervozes.org.br\/wordpress\/?p=22109"},"modified":"2008-11-11T17:14:37","modified_gmt":"2008-11-11T17:14:37","slug":"radiodifusao-e-telecomunicacoes-deveriam-ser-regulados-pela-mesma-agencia-diz-especialista","status":"publish","type":"post","link":"https:\/\/obscom.intervozes.org.br\/?p=22109","title":{"rendered":"&#8220;Radiodifus\u00e3o e telecomunica\u00e7\u00f5es deveriam ser regulados pela mesma ag\u00eancia&#8221;, diz especialista"},"content":{"rendered":"<p>   \t \t \t \t \t<!-- \t\t@page { margin: 2cm } \t\tP { margin-bottom: 0.21cm } \t--> \t  <\/p>\n<p style=\"margin-bottom: 0cm\" class=\"western padrao\">O programa &quot;Imprensa na TV&quot; recebeu, na tarde desta segunda-feira (10), o advogado e especialista em TV Digital Ericson Meister Scorsim, que conversou com a jornalista Tha&iacute;s Naldoni sobre as quest&otilde;es ligadas &agrave; TV Digital no Brasil. Para ele, a Ag&ecirc;ncia Nacional de Telecomunica&ccedil;&otilde;es (Anatel) deveria englobar n&atilde;o s&oacute; empresas de telecomunica&ccedil;&atilde;o, mas tamb&eacute;m as de radiodifus&atilde;o no pa&iacute;s, a exemplo do que acontece no modelo digital dos Estados Unidos. <\/p>\n<p>&quot;A Anatel foi criada para cuidar de telecomunica&ccedil;&otilde;es, basicamente telefonia fixa e m&oacute;vel. A radiodifus&atilde;o n&atilde;o &eacute; regulada pela ag&ecirc;ncia, que supervisiona apenas a freq&uuml;&ecirc;ncia, ou seja, a parte t&eacute;cnica. O modelo norte-americano regula toda a comunica&ccedil;&atilde;o, inclusive o conte&uacute;do. Ent&atilde;o, eu proponho que a Anatel tamb&eacute;m funcione como uma grande reguladora da comunica&ccedil;&atilde;o, tal qual o modelo norte-americano&quot;, disse.<\/p>\n<p>Perguntado sobre a poss&iacute;vel pol&ecirc;mica a respeito de uma regulamenta&ccedil;&atilde;o de conte&uacute;do, que poderia soar como &quot;censura&quot;, ele lembrou que na TV por assinatura, por exemplo, j&aacute; h&aacute; um projeto de lei que discute cotas para produ&ccedil;&atilde;o nacional, o que tamb&eacute;m gerou discuss&atilde;o. <\/p>\n<p>O especialista acredita que &eacute; preciso aumentar a produ&ccedil;&atilde;o brasileira, com o aumento da participa&ccedil;&atilde;o dos cidad&atilde;os. &quot;Os filmes independentes n&atilde;o entram em salas de cinema comercial, por exemplo. A TV aberta deveria ser um espa&ccedil;o democr&aacute;tico para quem quisesse publicar seu conte&uacute;do&quot;, afirmou. <\/p>\n<p>Ele alega que televis&atilde;o digital deve ser plural, com multiplicidade de estrutura e de comunica&ccedil;&atilde;o, com mais emissoras privadas, estatais e p&uacute;blicas para garantir esse espa&ccedil;o ao cidad&atilde;o comum. Outra quest&atilde;o abordada foi a possibilidade de que, no modelo digital, at&eacute; quatro canais poderem atuar na mesma freq&uuml;&ecirc;ncia. &quot;Para transmitir em alta qualidade isso n&atilde;o &eacute; indicado, mas &eacute; poss&iacute;vel. A princ&iacute;pio, essa tecnologia permite a entrada de novas operadoras, por&eacute;m o decreto que trata da TV digital n&atilde;o &eacute; objetivo em rela&ccedil;&atilde;o a isso. O modelo que foi adotado preserva o status quo, em termos de mercado.&rdquo;<\/p>\n<p>O especialista aproveitou a ocasi&atilde;o e esclareceu a diferen&ccedil;a entre TV p&uacute;blica e TV estatal. &quot;A TV Brasil n&atilde;o &eacute; uma emissora p&uacute;blica e sim estatal, de responsabilidade da Uni&atilde;o, que tem por objetivo informar a respeito dos tr&ecirc;s poderes da Rep&uacute;blica. A televis&atilde;o p&uacute;blica seria constitu&iacute;da por um grupo de cidad&atilde;os&quot;, explicou. <\/p>\n<p>No entanto, os conte&uacute;dos produzidos por &oacute;rg&atilde;os estatais n&atilde;o t&ecirc;m espa&ccedil;o na programa&ccedil;&atilde;o aberta, lembrou Ericson, que acredita que conte&uacute;dos como os da TV Brasil, TV C&acirc;mara ou TV Senado deveriam pertencer &agrave; programa&ccedil;&atilde;o aberta, por tratarem de interesses p&uacute;blicos.<\/p>\n<p>Apesar da previs&atilde;o do governo de levar o sinal digital para todo o pa&iacute;s em uma d&eacute;cada, o especialista sinaliza como &quot;um dos grandes problemas&quot; o fato de que a maior parte do territ&oacute;rio nacional ainda n&atilde;o &eacute; alcan&ccedil;ada pelo sinal. &quot;Por exemplo, Curitiba acabou de receber o sinal, mas em Joinville, interior de Santa Catarina, ainda n&atilde;o h&aacute; esse tipo de transmiss&atilde;o&quot;. <\/p>\n<p>Ericson Scorsim &eacute; autor do livro &quot;TV Digital e Comunica&ccedil;&atilde;o Social &#8211; Aspectos Regulat&oacute;rios&quot;, que ser&aacute; lan&ccedil;ado nesta segunda-feira (10), na Sociedade Brasileira de Direito P&uacute;blico (SBDP), em S&atilde;o Paulo (SP).<\/p>\n<p>O programa &quot;Imprensa na TV&quot; &eacute; exibido todas as segundas-feiras, das 15h &agrave;s 16h, na AllTV, com apresenta&ccedil;&atilde;o da jornalista Tha&iacute;s Naldoni, editora-executiva do <em>Portal Imprensa<\/em>.<\/p>\n<p style=\"margin-bottom: 0cm\" class=\"western\"><span class=\"padrao\"><br \/><\/span> <\/p>\n","protected":false},"excerpt":{"rendered":"<p>O programa &quot;Imprensa na TV&quot; recebeu, na tarde desta segunda-feira (10), o advogado e especialista em TV Digital Ericson Meister Scorsim, que conversou com a jornalista Tha&iacute;s Naldoni sobre as quest&otilde;es ligadas &agrave; TV Digital no Brasil. Para ele, a Ag&ecirc;ncia Nacional de Telecomunica&ccedil;&otilde;es (Anatel) deveria englobar n&atilde;o s&oacute; empresas de telecomunica&ccedil;&atilde;o, mas tamb&eacute;m as &hellip; <a href=\"https:\/\/obscom.intervozes.org.br\/?p=22109\" class=\"more-link\">Continue lendo <span class=\"screen-reader-text\">&#8220;Radiodifus\u00e3o e telecomunica\u00e7\u00f5es deveriam ser regulados pela mesma ag\u00eancia&#8221;, diz especialista<\/span> <span class=\"meta-nav\">&rarr;<\/span><\/a><\/p>\n","protected":false},"author":1,"featured_media":0,"comment_status":"open","ping_status":"open","sticky":false,"template":"","format":"standard","meta":{"footnotes":""},"categories":[40],"tags":[912],"_links":{"self":[{"href":"https:\/\/obscom.intervozes.org.br\/index.php?rest_route=\/wp\/v2\/posts\/22109"}],"collection":[{"href":"https:\/\/obscom.intervozes.org.br\/index.php?rest_route=\/wp\/v2\/posts"}],"about":[{"href":"https:\/\/obscom.intervozes.org.br\/index.php?rest_route=\/wp\/v2\/types\/post"}],"author":[{"embeddable":true,"href":"https:\/\/obscom.intervozes.org.br\/index.php?rest_route=\/wp\/v2\/users\/1"}],"replies":[{"embeddable":true,"href":"https:\/\/obscom.intervozes.org.br\/index.php?rest_route=%2Fwp%2Fv2%2Fcomments&post=22109"}],"version-history":[{"count":0,"href":"https:\/\/obscom.intervozes.org.br\/index.php?rest_route=\/wp\/v2\/posts\/22109\/revisions"}],"wp:attachment":[{"href":"https:\/\/obscom.intervozes.org.br\/index.php?rest_route=%2Fwp%2Fv2%2Fmedia&parent=22109"}],"wp:term":[{"taxonomy":"category","embeddable":true,"href":"https:\/\/obscom.intervozes.org.br\/index.php?rest_route=%2Fwp%2Fv2%2Fcategories&post=22109"},{"taxonomy":"post_tag","embeddable":true,"href":"https:\/\/obscom.intervozes.org.br\/index.php?rest_route=%2Fwp%2Fv2%2Ftags&post=22109"}],"curies":[{"name":"wp","href":"https:\/\/api.w.org\/{rel}","templated":true}]}}