{"id":22106,"date":"2008-11-11T17:02:37","date_gmt":"2008-11-11T17:02:37","guid":{"rendered":"https:\/\/obscom.intervozes.org.br\/wordpress\/?p=22106"},"modified":"2008-11-11T17:02:37","modified_gmt":"2008-11-11T17:02:37","slug":"jovens-e-educadores-da-rede-publica-produzem-programa-de-radio-no-ceara","status":"publish","type":"post","link":"https:\/\/obscom.intervozes.org.br\/?p=22106","title":{"rendered":"Jovens e educadores da rede p\u00fablica produzem programa de r\u00e1dio no Cear\u00e1"},"content":{"rendered":"<p>   \t \t \t \t \t<!-- \t\t@page { margin: 2cm } \t\tP { margin-bottom: 0.21cm } \t--> \t  <\/p>\n<p style=\"margin-bottom: 0cm\" class=\"western padrao\">Teve estr&eacute;ia no &uacute;ltimo dia 8, na R&aacute;dio Universit&aacute;ria FM 107,9, de Fortaleza, o Programa Antenados. Produzido por estudantes e educadores de escolas de Fortaleza, Paramoti e Trairi, o programa vai ao ar aos s&aacute;bados, &agrave;s 13h30min, sempre abordando temas como meio ambiente, pluralidade cultural, orienta&ccedil;&atilde;o sexual, &eacute;tica e sa&uacute;de. <\/p>\n<p>&quot;A id&eacute;ia do programa surgiu atrav&eacute;s de um di&aacute;logo entre a ONG Catavento Comunica&ccedil;&atilde;o e Educa&ccedil;&atilde;o e a Secretaria Municipal de Educa&ccedil;&atilde;o (SME), que apontou a necessidade de aprofundar temas relacionados &agrave; educa&ccedil;&atilde;o, que deveriam ser trabalhados de forma transversal dentro das escolas&quot;, afirma Tarciana Campos, jornalista da Catavento. A partir do trabalho com r&aacute;dios-escolas que a Catavento j&aacute; vinha realizando, surgiu a id&eacute;ia do programa, que comp&otilde;e o projeto &quot;R&aacute;dio-escola pela educa&ccedil;&atilde;o&quot;. <\/p>\n<p>As escolas que fazem parte do projeto s&atilde;o: Professor Jos&eacute; Rebou&ccedil;as Macambira, Economista Nilson Holanda, Marieta Cals e Francisco Andrade Te&oacute;filo Gir&atilde;o, em Fortaleza; e as escolas Tom&eacute; Gomes dos Santos, em Paramoti, e Santa Luiza, em Trairi. A escolha deu-se pelo fato dessas escolas terem passado por um processo pr&eacute;vio de forma&ccedil;&atilde;o em 2007, dentro de outro projeto realizado pela ONG Catavento, o &lsquo;Segura essa onda&rsquo;, que realizou forma&ccedil;&otilde;es durante um per&iacute;odo de nove meses, abordando quest&otilde;es como comunica&ccedil;&atilde;o, a hist&oacute;ria do r&aacute;dio etc, evidenciando como o r&aacute;dio pode ser utilizado como ferramenta did&aacute;tica e os estudantes podem interagir com o conte&uacute;do das escolas atrav&eacute;s desse meio de comunica&ccedil;&atilde;o. <\/p>\n<p>O projeto &ldquo;R&aacute;dio-escola pela Educa&ccedil;&atilde;o&rdquo; vem fortalecer o processo iniciado no Projeto Segura essa onda, permitindo que os educadores e estudantes que passaram pela forma&ccedil;&atilde;o possam colocar os conhecimentos adquiridos em pr&aacute;tica, produzindo o programa semanal e permitindo que a produ&ccedil;&atilde;o deles atinja um p&uacute;blico mais amplo. &quot;Como &eacute; um programa em r&aacute;dio FM, a produ&ccedil;&atilde;o vai poder ser ouvida por toda a comunidade, dentro e fora da escola&quot;, destaca Tarciana. <\/p>\n<p>Contando com o apoio de uma equipe de comunica&ccedil;&atilde;o e da assessoria pedag&oacute;gica, os jovens e os educadores cuidam de todo o processo para que o programa entre no ar. &quot;Eles mesmos discutem a pauta, produzem o roteiro, gravam as entrevistas, fazem a loca&ccedil;&atilde;o e a grava&ccedil;&atilde;o final. O programa permite que os estudantes possam fazer uma rela&ccedil;&atilde;o entre o que v&ecirc;em na escola e o cotidiano deles&quot;, acrescenta. <\/p>\n<p>O &quot;R&aacute;dio-escola pela &ldquo;duca&ccedil;&atilde;o&quot; &eacute; desenvolvido pela ONG Catavento Comunica&ccedil;&atilde;o e Educa&ccedil;&atilde;o, em parceria com a Secretaria Municipal de Educa&ccedil;&atilde;o e a R&aacute;dio Universit&aacute;ria FM.<\/p>\n","protected":false},"excerpt":{"rendered":"<p>Teve estr&eacute;ia no &uacute;ltimo dia 8, na R&aacute;dio Universit&aacute;ria FM 107,9, de Fortaleza, o Programa Antenados. Produzido por estudantes e educadores de escolas de Fortaleza, Paramoti e Trairi, o programa vai ao ar aos s&aacute;bados, &agrave;s 13h30min, sempre abordando temas como meio ambiente, pluralidade cultural, orienta&ccedil;&atilde;o sexual, &eacute;tica e sa&uacute;de. &quot;A id&eacute;ia do programa surgiu &hellip; <a href=\"https:\/\/obscom.intervozes.org.br\/?p=22106\" class=\"more-link\">Continue lendo <span class=\"screen-reader-text\">Jovens e educadores da rede p\u00fablica produzem programa de r\u00e1dio no Cear\u00e1<\/span> <span class=\"meta-nav\">&rarr;<\/span><\/a><\/p>\n","protected":false},"author":1,"featured_media":0,"comment_status":"open","ping_status":"open","sticky":false,"template":"","format":"standard","meta":{"footnotes":""},"categories":[40],"tags":[909],"_links":{"self":[{"href":"https:\/\/obscom.intervozes.org.br\/index.php?rest_route=\/wp\/v2\/posts\/22106"}],"collection":[{"href":"https:\/\/obscom.intervozes.org.br\/index.php?rest_route=\/wp\/v2\/posts"}],"about":[{"href":"https:\/\/obscom.intervozes.org.br\/index.php?rest_route=\/wp\/v2\/types\/post"}],"author":[{"embeddable":true,"href":"https:\/\/obscom.intervozes.org.br\/index.php?rest_route=\/wp\/v2\/users\/1"}],"replies":[{"embeddable":true,"href":"https:\/\/obscom.intervozes.org.br\/index.php?rest_route=%2Fwp%2Fv2%2Fcomments&post=22106"}],"version-history":[{"count":0,"href":"https:\/\/obscom.intervozes.org.br\/index.php?rest_route=\/wp\/v2\/posts\/22106\/revisions"}],"wp:attachment":[{"href":"https:\/\/obscom.intervozes.org.br\/index.php?rest_route=%2Fwp%2Fv2%2Fmedia&parent=22106"}],"wp:term":[{"taxonomy":"category","embeddable":true,"href":"https:\/\/obscom.intervozes.org.br\/index.php?rest_route=%2Fwp%2Fv2%2Fcategories&post=22106"},{"taxonomy":"post_tag","embeddable":true,"href":"https:\/\/obscom.intervozes.org.br\/index.php?rest_route=%2Fwp%2Fv2%2Ftags&post=22106"}],"curies":[{"name":"wp","href":"https:\/\/api.w.org\/{rel}","templated":true}]}}