{"id":22105,"date":"2008-11-11T17:00:39","date_gmt":"2008-11-11T17:00:39","guid":{"rendered":"https:\/\/obscom.intervozes.org.br\/wordpress\/?p=22105"},"modified":"2008-11-11T17:00:39","modified_gmt":"2008-11-11T17:00:39","slug":"destinacao-de-espectro-para-inclusao-digital-beneficiara-periferia","status":"publish","type":"post","link":"https:\/\/obscom.intervozes.org.br\/?p=22105","title":{"rendered":"Destina\u00e7\u00e3o de espectro para inclus\u00e3o digital beneficiar\u00e1 periferia"},"content":{"rendered":"<p>   \t \t \t \t \t<!-- \t\t@page { margin: 2cm } \t\tP { margin-bottom: 0.21cm } \t--> \t  <\/p>\n<p style=\"margin-bottom: 0cm\" class=\"western padrao\">A decis&atilde;o da Ag&ecirc;ncia Nacional de Telecomunica&ccedil;&otilde;es (Anatel), de destinar 10 MHz da faixa de 3,5 GHz para projetos de inclus&atilde;o digital, conforme a consulta p&uacute;blica lan&ccedil;ada h&aacute; duas semanas, &eacute; vista como pertinente e necess&aacute;ria pelo presidente da Associa&ccedil;&atilde;o Brasileira de Entidades Municipais de Tecnologia da Informa&ccedil;&atilde;o e Comunica&ccedil;&atilde;o (Abemtic), Andr&eacute; Imar Kulczynski, que preside tamb&eacute;m a Procempa (Companhia de Processamento de Dados de Porto Alegre). Na consulta, a Anatel destina esta faixa (de 200 Mhz) &ndash; ocupada hoje pela tecnologia WiMAX &ndash; tamb&eacute;m para a telefonia celular. <\/p>\n<p>Kulczynski lembra que h&aacute; muito se discute o papel do gestor p&uacute;blico na oferta de acesso &agrave; internet, principalmente em &aacute;reas perif&eacute;ricas onde, por raz&otilde;es econ&ocirc;micas, n&atilde;o s&atilde;o atendidas pelo servi&ccedil;o privado, motivando a cria&ccedil;&atilde;o de &ldquo;solu&ccedil;&otilde;es caseiras&rdquo; em certos munic&iacute;pios, mas que ainda n&atilde;o est&atilde;o regulamentadas. <\/p>\n<p>A pr&oacute;pria Procempa &eacute; respons&aacute;vel pela implanta&ccedil;&atilde;o de um projeto de inclus&atilde;o digital em Porto Alegre, com pontos de rede wireless de 2 Mbps de banda, que utiliza faixa de freq&uuml;&ecirc;ncia n&atilde;o-licenciada de 5,8 GHz. &ldquo;A avalia&ccedil;&atilde;o t&eacute;cnica para essa migra&ccedil;&atilde;o s&oacute; acontecer&aacute; se for criada efetivamente essa freq&uuml;&ecirc;ncia de governo&rdquo;, diz Kulczynski.<\/p>\n<p>Entretanto, Kulczynski sinaliza que a discuss&atilde;o na consulta p&uacute;blica sobre a cria&ccedil;&atilde;o de uma freq&uuml;&ecirc;ncia pr&oacute;pria de Estado poderia levar &agrave; interpreta&ccedil;&atilde;o de que &ldquo;estar&iacute;amos na contram&atilde;o do marco regulat&oacute;rio&rdquo;, pois haveria uma &ldquo;freq&uuml;&ecirc;ncia estatizada&rdquo;. &ldquo;Se fosse t&atilde;o simples, a Anatel certamente j&aacute; teria criado essa freq&uuml;&ecirc;ncia de governo&rdquo;, diz ele. Na avalia&ccedil;&atilde;o de Kulczynski, contudo, o fato de existirem regi&otilde;es n&atilde;o contempladas pelo servi&ccedil;o privado serve de argumento para que destina&ccedil;&atilde;o do espectro para a inclus&atilde;o digital seja feita.<\/p>\n","protected":false},"excerpt":{"rendered":"<p>A decis&atilde;o da Ag&ecirc;ncia Nacional de Telecomunica&ccedil;&otilde;es (Anatel), de destinar 10 MHz da faixa de 3,5 GHz para projetos de inclus&atilde;o digital, conforme a consulta p&uacute;blica lan&ccedil;ada h&aacute; duas semanas, &eacute; vista como pertinente e necess&aacute;ria pelo presidente da Associa&ccedil;&atilde;o Brasileira de Entidades Municipais de Tecnologia da Informa&ccedil;&atilde;o e Comunica&ccedil;&atilde;o (Abemtic), Andr&eacute; Imar Kulczynski, que &hellip; <a href=\"https:\/\/obscom.intervozes.org.br\/?p=22105\" class=\"more-link\">Continue lendo <span class=\"screen-reader-text\">Destina\u00e7\u00e3o de espectro para inclus\u00e3o digital beneficiar\u00e1 periferia<\/span> <span class=\"meta-nav\">&rarr;<\/span><\/a><\/p>\n","protected":false},"author":1,"featured_media":0,"comment_status":"open","ping_status":"open","sticky":false,"template":"","format":"standard","meta":{"footnotes":""},"categories":[40],"tags":[905],"_links":{"self":[{"href":"https:\/\/obscom.intervozes.org.br\/index.php?rest_route=\/wp\/v2\/posts\/22105"}],"collection":[{"href":"https:\/\/obscom.intervozes.org.br\/index.php?rest_route=\/wp\/v2\/posts"}],"about":[{"href":"https:\/\/obscom.intervozes.org.br\/index.php?rest_route=\/wp\/v2\/types\/post"}],"author":[{"embeddable":true,"href":"https:\/\/obscom.intervozes.org.br\/index.php?rest_route=\/wp\/v2\/users\/1"}],"replies":[{"embeddable":true,"href":"https:\/\/obscom.intervozes.org.br\/index.php?rest_route=%2Fwp%2Fv2%2Fcomments&post=22105"}],"version-history":[{"count":0,"href":"https:\/\/obscom.intervozes.org.br\/index.php?rest_route=\/wp\/v2\/posts\/22105\/revisions"}],"wp:attachment":[{"href":"https:\/\/obscom.intervozes.org.br\/index.php?rest_route=%2Fwp%2Fv2%2Fmedia&parent=22105"}],"wp:term":[{"taxonomy":"category","embeddable":true,"href":"https:\/\/obscom.intervozes.org.br\/index.php?rest_route=%2Fwp%2Fv2%2Fcategories&post=22105"},{"taxonomy":"post_tag","embeddable":true,"href":"https:\/\/obscom.intervozes.org.br\/index.php?rest_route=%2Fwp%2Fv2%2Ftags&post=22105"}],"curies":[{"name":"wp","href":"https:\/\/api.w.org\/{rel}","templated":true}]}}