{"id":22103,"date":"2008-11-10T19:21:17","date_gmt":"2008-11-10T19:21:17","guid":{"rendered":"https:\/\/obscom.intervozes.org.br\/wordpress\/?p=22103"},"modified":"2008-11-10T19:21:17","modified_gmt":"2008-11-10T19:21:17","slug":"helio-costa-promete-a-abraco-pacote-de-medidas-sobre-radiodifusao-comunitaria","status":"publish","type":"post","link":"https:\/\/obscom.intervozes.org.br\/?p=22103","title":{"rendered":"H\u00e9lio Costa promete \u00e0 Abra\u00e7o pacote de medidas sobre radiodifus\u00e3o comunit\u00e1ria"},"content":{"rendered":"<p>   \t \t \t \t \t<!-- \t\t@page { margin: 2cm } \t\tP { margin-bottom: 0.21cm } \t--> \t  <\/p>\n<p style=\"margin-bottom: 0cm\" class=\"western padrao\">Em audi&ecirc;ncia realizada na &uacute;ltima ter&ccedil;a-feira (4), no Gabinete do Minist&eacute;rio das Comunica&ccedil;&otilde;es, a Associa&ccedil;&atilde;o Brasileira de R&aacute;dios Comunit&aacute;rias (Abra&ccedil;o Nacional) encaminhou ao ministro uma pauta de reivindica&ccedil;&otilde;es com propostas que agilizar&aacute; os procedimentos de outorgas de radiodifus&atilde;o comunit&aacute;ria.<\/p>\n<p>O ministro comunicou que em breve ser&aacute; anunciado um pacote de medidas que alterar&aacute; substancialmente o Servi&ccedil;o de Radiodifus&atilde;o Comunit&aacute;ria, mas n&atilde;o quis adiantar as altera&ccedil;&otilde;es propostas pelo governo.<\/p>\n<p>A Abra&ccedil;o entende que as altera&ccedil;&otilde;es na legisla&ccedil;&atilde;o do servi&ccedil;o de Radiodifus&atilde;o Comunit&aacute;ria deve ser amplamente discutida com o movimento, pois sentimos na pele as dificuldades impostas pela atual legisla&ccedil;&atilde;o e se n&atilde;o fosse pela persist&ecirc;ncia das milhares de emissoras que se mantiveram no ar poderia inviabilizar o servi&ccedil;o.<\/p>\n<p>Uma proposta apresentada ao Ministro que &eacute; uma preocupa&ccedil;&atilde;o constante do movimento &eacute; resgatar o verdadeiro papel e o sentido das R&aacute;dios Comunit&aacute;rias, na qual o ministro achou positiva a proposta de cria&ccedil;&atilde;o do &quot;selo Abra&ccedil;o de Emissora Comunit&aacute;ria&quot;, onde as emissoras comunit&aacute;rias assumem o compromisso com uma comunica&ccedil;&atilde;o p&uacute;blica, dial&oacute;gica e plural, se comprometendo a cumprir a risca o C&oacute;digo de &Eacute;tica da Radiodifus&atilde;o Comunit&aacute;ria.<\/p>\n<p>O ministro salientou tamb&eacute;m a import&acirc;ncia da Abra&ccedil;o na representa&ccedil;&atilde;o pol&iacute;tica do setor. &quot;Voc&ecirc;s tem o compromisso de continuar avan&ccedil;ando na constru&ccedil;&atilde;o das r&aacute;dios verdadeiramente comunit&aacute;rias. O papel da Abra&ccedil;o &eacute; importante para a solidifica&ccedil;&atilde;o do Servi&ccedil;o&quot;, disse o ministro. <\/p>\n<p>Ap&oacute;s a reuni&atilde;o com os membros da Coordena&ccedil;&atilde;o Nacional da Abra&ccedil;o, o Coordenador Executivo da entidade Jos&eacute; Luiz do Nascimento S&oacute;ter avaliou &quot;que a audi&ecirc;ncia com o ministro foi positiva pois abriu um novo canal de di&aacute;logo com a Abra&ccedil;o na qual a constru&ccedil;&atilde;o de uma agenda propositiva &eacute; fundamental para o avan&ccedil;o do movimento&quot;. S&oacute;ter salientou tamb&eacute;m que &eacute; necess&aacute;ria uma mobiliza&ccedil;&atilde;o constante das r&aacute;dios pois at&eacute; o momento n&atilde;o sabemos qual o conte&uacute;do das propostas do governo e por isso orienta suas emissoras para futuras mobiliza&ccedil;&otilde;es.<\/p>\n","protected":false},"excerpt":{"rendered":"<p>Em audi&ecirc;ncia realizada na &uacute;ltima ter&ccedil;a-feira (4), no Gabinete do Minist&eacute;rio das Comunica&ccedil;&otilde;es, a Associa&ccedil;&atilde;o Brasileira de R&aacute;dios Comunit&aacute;rias (Abra&ccedil;o Nacional) encaminhou ao ministro uma pauta de reivindica&ccedil;&otilde;es com propostas que agilizar&aacute; os procedimentos de outorgas de radiodifus&atilde;o comunit&aacute;ria. O ministro comunicou que em breve ser&aacute; anunciado um pacote de medidas que alterar&aacute; substancialmente o &hellip; <a href=\"https:\/\/obscom.intervozes.org.br\/?p=22103\" class=\"more-link\">Continue lendo <span class=\"screen-reader-text\">H\u00e9lio Costa promete \u00e0 Abra\u00e7o pacote de medidas sobre radiodifus\u00e3o comunit\u00e1ria<\/span> <span class=\"meta-nav\">&rarr;<\/span><\/a><\/p>\n","protected":false},"author":1,"featured_media":0,"comment_status":"open","ping_status":"open","sticky":false,"template":"","format":"standard","meta":{"footnotes":""},"categories":[40],"tags":[155],"_links":{"self":[{"href":"https:\/\/obscom.intervozes.org.br\/index.php?rest_route=\/wp\/v2\/posts\/22103"}],"collection":[{"href":"https:\/\/obscom.intervozes.org.br\/index.php?rest_route=\/wp\/v2\/posts"}],"about":[{"href":"https:\/\/obscom.intervozes.org.br\/index.php?rest_route=\/wp\/v2\/types\/post"}],"author":[{"embeddable":true,"href":"https:\/\/obscom.intervozes.org.br\/index.php?rest_route=\/wp\/v2\/users\/1"}],"replies":[{"embeddable":true,"href":"https:\/\/obscom.intervozes.org.br\/index.php?rest_route=%2Fwp%2Fv2%2Fcomments&post=22103"}],"version-history":[{"count":0,"href":"https:\/\/obscom.intervozes.org.br\/index.php?rest_route=\/wp\/v2\/posts\/22103\/revisions"}],"wp:attachment":[{"href":"https:\/\/obscom.intervozes.org.br\/index.php?rest_route=%2Fwp%2Fv2%2Fmedia&parent=22103"}],"wp:term":[{"taxonomy":"category","embeddable":true,"href":"https:\/\/obscom.intervozes.org.br\/index.php?rest_route=%2Fwp%2Fv2%2Fcategories&post=22103"},{"taxonomy":"post_tag","embeddable":true,"href":"https:\/\/obscom.intervozes.org.br\/index.php?rest_route=%2Fwp%2Fv2%2Ftags&post=22103"}],"curies":[{"name":"wp","href":"https:\/\/api.w.org\/{rel}","templated":true}]}}