{"id":22100,"date":"2008-11-10T17:08:09","date_gmt":"2008-11-10T17:08:09","guid":{"rendered":"https:\/\/obscom.intervozes.org.br\/wordpress\/?p=22100"},"modified":"2008-11-10T17:08:09","modified_gmt":"2008-11-10T17:08:09","slug":"infra-estrutura-de-telecentros-e-formacao-de-monitores-terao-apoio-do-governo","status":"publish","type":"post","link":"https:\/\/obscom.intervozes.org.br\/?p=22100","title":{"rendered":"Infra-estrutura de telecentros e forma\u00e7\u00e3o de monitores ter\u00e3o apoio do governo"},"content":{"rendered":"<p>   \t \t \t \t \t<!-- \t\t@page { margin: 2cm } \t\tP { margin-bottom: 0.21cm } \t--> \t  <\/p>\n<p style=\"margin-bottom: 0cm\" class=\"western\"><span class=\"padrao\">O governo federal vai apoiar o fortalecimento da inclus&atilde;o digital no pa&iacute;s por meio de a&ccedil;&otilde;es para melhoria da infra-estrutura e a forma&ccedil;&atilde;o de monitores de telecentros comunit&aacute;rios. O an&uacute;ncio foi feito hoje (7) no encerramento da 7&ordf; Oficina para Inclus&atilde;o Digital, em Bel&eacute;m.<\/p>\n<p>As medidas incluem o refor&ccedil;o na conectividade por meio de banda larga, a disponibiliza&ccedil;&atilde;o de cerca de 4 mil equipamentos para telecentros e a oferta de 8 mil bolsas para monitores que atuam em centros comunit&aacute;rios de inclus&atilde;odigital. A iniciativa tamb&eacute;m prev&ecirc; uma rede de forma&ccedil;&atilde;o a dist&acirc;ncia e presencial para os monitores que trabalham no atendimento direto &agrave;s comunidades.<\/p>\n<p>O secret&aacute;rio-adjunto de Log&iacute;stica e Tecnologia da Informa&ccedil;&atilde;o do Minist&eacute;rio do Planejamento, Rodrigo Assump&ccedil;&atilde;o, disse que o objetivo &eacute; refor&ccedil;ar o potencial dos telecentros e as redes de projetos de inclus&atilde;o digital. &ldquo;As propostas que o governo federal est&aacute; trazendo para essa comunidade certamente v&atilde;o cair em um terreno extremamente f&eacute;rtil e florescer para o fortalecimento da pol&iacute;tica p&uacute;blica de inclus&atilde;o digital.&rdquo;<\/p>\n<p>Segundo ele, o maior problema para a sustentabilidade da inclus&atilde;o digital no Brasil &eacute; a remunera&ccedil;&atilde;o dos monitores. &ldquo;A oferta de bolsas pelo governo federal vai contribuir para a continuidade da pol&iacute;tica de inclus&atilde;o digital no pa&iacute;s, al&eacute;m de criar uma rede de pessoas que v&atilde;o conseguir levar adiante essa pol&iacute;tica&rdquo;, destacou Assump&ccedil;&atilde;o.<\/p>\n<p>O n&uacute;mero total de participantes da oficina foi de 2,3 mil pessoas, o maior at&eacute; hoje, de acordo com a organiza&ccedil;&atilde;o do evento. Dessas, mais de mil s&atilde;o ligadas a projetos de inclus&atilde;o digital do governo federal.<\/p>\n<p>Al&eacute;m do p&uacute;blico recorde, Assump&ccedil;&atilde;o destacou a qualidade dos debates do encontro. Segundo ele, um dos temas inovadores foi o v&iacute;nculo do tema inclus&atilde;o digital com a preocupa&ccedil;&atilde;o ambiental. &ldquo;Tenho certeza de que o debate sobre a preocupa&ccedil;&atilde;o com o lixo tecnol&oacute;gico vai crescer muito nos pr&oacute;ximos anos&rdquo;, concluiu.  <\/span><\/p>\n","protected":false},"excerpt":{"rendered":"<p>O governo federal vai apoiar o fortalecimento da inclus&atilde;o digital no pa&iacute;s por meio de a&ccedil;&otilde;es para melhoria da infra-estrutura e a forma&ccedil;&atilde;o de monitores de telecentros comunit&aacute;rios. O an&uacute;ncio foi feito hoje (7) no encerramento da 7&ordf; Oficina para Inclus&atilde;o Digital, em Bel&eacute;m. As medidas incluem o refor&ccedil;o na conectividade por meio de banda &hellip; <a href=\"https:\/\/obscom.intervozes.org.br\/?p=22100\" class=\"more-link\">Continue lendo <span class=\"screen-reader-text\">Infra-estrutura de telecentros e forma\u00e7\u00e3o de monitores ter\u00e3o apoio do governo<\/span> <span class=\"meta-nav\">&rarr;<\/span><\/a><\/p>\n","protected":false},"author":1,"featured_media":0,"comment_status":"open","ping_status":"open","sticky":false,"template":"","format":"standard","meta":{"footnotes":""},"categories":[40],"tags":[105],"_links":{"self":[{"href":"https:\/\/obscom.intervozes.org.br\/index.php?rest_route=\/wp\/v2\/posts\/22100"}],"collection":[{"href":"https:\/\/obscom.intervozes.org.br\/index.php?rest_route=\/wp\/v2\/posts"}],"about":[{"href":"https:\/\/obscom.intervozes.org.br\/index.php?rest_route=\/wp\/v2\/types\/post"}],"author":[{"embeddable":true,"href":"https:\/\/obscom.intervozes.org.br\/index.php?rest_route=\/wp\/v2\/users\/1"}],"replies":[{"embeddable":true,"href":"https:\/\/obscom.intervozes.org.br\/index.php?rest_route=%2Fwp%2Fv2%2Fcomments&post=22100"}],"version-history":[{"count":0,"href":"https:\/\/obscom.intervozes.org.br\/index.php?rest_route=\/wp\/v2\/posts\/22100\/revisions"}],"wp:attachment":[{"href":"https:\/\/obscom.intervozes.org.br\/index.php?rest_route=%2Fwp%2Fv2%2Fmedia&parent=22100"}],"wp:term":[{"taxonomy":"category","embeddable":true,"href":"https:\/\/obscom.intervozes.org.br\/index.php?rest_route=%2Fwp%2Fv2%2Fcategories&post=22100"},{"taxonomy":"post_tag","embeddable":true,"href":"https:\/\/obscom.intervozes.org.br\/index.php?rest_route=%2Fwp%2Fv2%2Ftags&post=22100"}],"curies":[{"name":"wp","href":"https:\/\/api.w.org\/{rel}","templated":true}]}}