{"id":22099,"date":"2008-11-10T17:06:23","date_gmt":"2008-11-10T17:06:23","guid":{"rendered":"https:\/\/obscom.intervozes.org.br\/wordpress\/?p=22099"},"modified":"2008-11-10T17:06:23","modified_gmt":"2008-11-10T17:06:23","slug":"acesso-a-banda-larga-e-desafio-na-regiao-norte","status":"publish","type":"post","link":"https:\/\/obscom.intervozes.org.br\/?p=22099","title":{"rendered":"Acesso \u00e0 banda larga \u00e9 desafio na Regi\u00e3o Norte"},"content":{"rendered":"<p>   \t \t \t \t \t<!-- \t\t@page { margin: 2cm } \t\tP { margin-bottom: 0.21cm } \t--> \t  <\/p>\n<p style=\"margin-bottom: 0cm\" class=\"western padrao\">Mais da metade dos munic&iacute;pios brasileiros possui pol&iacute;ticas p&uacute;blicas para a inclus&atilde;o digital. No Par&aacute;, que tem 7,4 milh&otilde;es de habitantes (2 milh&otilde;es s&oacute; na Regi&atilde;o Metropolitana de Bel&eacute;m), 46% dos acessos &agrave; internet s&atilde;o feitos de lan houses, 33% do local de trabalho, 28% de institui&ccedil;&otilde;es de ensino e apenas um quarto em domic&iacute;lios. <\/p>\n<p>Os dados s&atilde;o do Instituto Brasileiro de Geografia e Estat&iacute;stica (IBGE) e foram apresentados pelo secret&aacute;rio-adjunto da Secretaria de Estado de Desenvolvimento, Ci&ecirc;ncia e Tecnologia (Sedect), Jo&atilde;o Weyl, na manh&atilde; de quinta-feira (6) durante a 7&ordf; Oficina para Inclus&atilde;o Digital, na plen&aacute;ria que discutiu &ldquo;Conectividade: o desafio da banda larga&rdquo;. <\/p>\n<p>Al&eacute;m de Jo&atilde;o Weyl, participaram da plen&aacute;ria o secret&aacute;rio-adjunto da Secretaria de Log&iacute;stica Tecnologia e Informa&ccedil;&atilde;o\/MP (do governo federal), Rodrigo Assump&ccedil;&atilde;o, e Franklin Coelho, do projeto Pirai Digital. <\/p>\n<p>De acordo com Jo&atilde;o Weyl, cada vez mais um n&uacute;mero representativo de pessoas acessa os servi&ccedil;os de conectividade em alta performance (banda larga), por&eacute;m 80% da popula&ccedil;&atilde;o do Norte ainda t&ecirc;m acesso discado. <\/p>\n<p>Uma das metas do governo estadual, diz Weyl, &eacute; que at&eacute; 2010 se amplie para 32 o n&uacute;mero de mega bits para institui&ccedil;&otilde;es e escolas p&uacute;blicas em todo o Par&aacute;. Segundo o secret&aacute;rio-adjunto, a tecnologia mais democr&aacute;tica para disponibilizar acesso &agrave; rede &eacute; a transmiss&atilde;o via r&aacute;dio, por meio de aparelhos chamados back bones. <\/p>\n<p><strong>Pol&iacute;ticas p&uacute;blicas<\/strong> <\/p>\n<p>&ldquo;Essa democratiza&ccedil;&atilde;o do acesso &agrave; banda larga acontece, aqui no Estado, por meio de parcerias e metas de governo para pol&iacute;ticas p&uacute;blicas de inclus&atilde;o digital, atrav&eacute;s do NavegaPar&aacute;, que &eacute; o mais ambicioso projeto de inclus&atilde;o digital do pa&iacute;s, pois vai interligar por meio de fibra &oacute;ptica hospitais, escolas e &oacute;rg&atilde;os de seguran&ccedil;a p&uacute;blica&rdquo;, informou Weyl. <\/p>\n<p>Outros n&uacute;meros do IBGE apontam para o grande interesse em acessar a rede e a necessidade de melhorias em banda larga: 70% das pessoas em todo o pa&iacute;s acessam a internet para pesquisas educacionais, 47% para leitura de jornais e revistas on line e 43% para rela&ccedil;&otilde;es com &oacute;rg&atilde;os de governo. <\/p>\n<p>Franklin Coelho defendeu o acesso democr&aacute;tico &agrave; rede para as comunidades mais carentes. &ldquo;Precisamos disponibilizar mais o acesso &agrave; informa&ccedil;&atilde;o e ao conhecimento, porque conectividade vai muito al&eacute;m de uma simples implanta&ccedil;&atilde;o de infra-estrutura&rdquo;, reiterou. <\/p>\n<p>A rede mundial de computadores, completou Franklin, quebra um marco legal nas leis de telecomunica&ccedil;&otilde;es do pa&iacute;s (sobre r&aacute;dio e televis&atilde;o) e democratiza o acesso &agrave; informa&ccedil;&atilde;o. <\/p>\n<p>Segundo Rodrigo Assump&ccedil;&atilde;o, at&eacute; o fim deste ano 20 mil escolas de todo o Brasil estar&atilde;o conectadas &agrave; rede mundial de computadores e, em 2009 mais 20 mil. &ldquo;Desta forma, aceleramos o acesso &agrave; informa&ccedil;&atilde;o aos alunos da rede p&uacute;blica de ensino&rdquo;, finalizou. <\/p>\n<p>A 7&ordf; Oficina para Inclus&atilde;o Digital come&ccedil;ou na &uacute;ltima ter&ccedil;a-feira (4) e termina nesta sexta-feira (7) no Hangar &#8211; Centro de Conven&ccedil;&otilde;es e Feiras da Amaz&ocirc;nia, em Bel&eacute;m, com oficinas, plen&aacute;rias e debates. Ao final do evento tamb&eacute;m ser&aacute; elaborada a Carta de Bel&eacute;m, com as principais propostas para inclus&atilde;o digital no pa&iacute;s e na Am&eacute;rica Latina. <\/p>\n<p>O evento &eacute; realizado pelo governo federal, em coopera&ccedil;&atilde;o com o governo do Estado, via Sedect e Empresa de Processamento de Dados do Par&aacute; (Prodepa)<\/p>\n","protected":false},"excerpt":{"rendered":"<p>Mais da metade dos munic&iacute;pios brasileiros possui pol&iacute;ticas p&uacute;blicas para a inclus&atilde;o digital. No Par&aacute;, que tem 7,4 milh&otilde;es de habitantes (2 milh&otilde;es s&oacute; na Regi&atilde;o Metropolitana de Bel&eacute;m), 46% dos acessos &agrave; internet s&atilde;o feitos de lan houses, 33% do local de trabalho, 28% de institui&ccedil;&otilde;es de ensino e apenas um quarto em domic&iacute;lios. &hellip; <a href=\"https:\/\/obscom.intervozes.org.br\/?p=22099\" class=\"more-link\">Continue lendo <span class=\"screen-reader-text\">Acesso \u00e0 banda larga \u00e9 desafio na Regi\u00e3o Norte<\/span> <span class=\"meta-nav\">&rarr;<\/span><\/a><\/p>\n","protected":false},"author":1,"featured_media":0,"comment_status":"open","ping_status":"open","sticky":false,"template":"","format":"standard","meta":{"footnotes":""},"categories":[40],"tags":[105],"_links":{"self":[{"href":"https:\/\/obscom.intervozes.org.br\/index.php?rest_route=\/wp\/v2\/posts\/22099"}],"collection":[{"href":"https:\/\/obscom.intervozes.org.br\/index.php?rest_route=\/wp\/v2\/posts"}],"about":[{"href":"https:\/\/obscom.intervozes.org.br\/index.php?rest_route=\/wp\/v2\/types\/post"}],"author":[{"embeddable":true,"href":"https:\/\/obscom.intervozes.org.br\/index.php?rest_route=\/wp\/v2\/users\/1"}],"replies":[{"embeddable":true,"href":"https:\/\/obscom.intervozes.org.br\/index.php?rest_route=%2Fwp%2Fv2%2Fcomments&post=22099"}],"version-history":[{"count":0,"href":"https:\/\/obscom.intervozes.org.br\/index.php?rest_route=\/wp\/v2\/posts\/22099\/revisions"}],"wp:attachment":[{"href":"https:\/\/obscom.intervozes.org.br\/index.php?rest_route=%2Fwp%2Fv2%2Fmedia&parent=22099"}],"wp:term":[{"taxonomy":"category","embeddable":true,"href":"https:\/\/obscom.intervozes.org.br\/index.php?rest_route=%2Fwp%2Fv2%2Fcategories&post=22099"},{"taxonomy":"post_tag","embeddable":true,"href":"https:\/\/obscom.intervozes.org.br\/index.php?rest_route=%2Fwp%2Fv2%2Ftags&post=22099"}],"curies":[{"name":"wp","href":"https:\/\/api.w.org\/{rel}","templated":true}]}}