{"id":22075,"date":"2008-11-05T19:40:53","date_gmt":"2008-11-05T19:40:53","guid":{"rendered":"https:\/\/obscom.intervozes.org.br\/wordpress\/?p=22075"},"modified":"2008-11-05T19:40:53","modified_gmt":"2008-11-05T19:40:53","slug":"entidades-do-pr-e-mg-definem-acoes-pela-conferencia-nacional-de-comunicacao","status":"publish","type":"post","link":"https:\/\/obscom.intervozes.org.br\/?p=22075","title":{"rendered":"Entidades do PR e MG definem a\u00e7\u00f5es pela Confer\u00eancia Nacional de Comunica\u00e7\u00e3o"},"content":{"rendered":"<p>   \t \t \t \t \t<!-- \t\t@page { margin: 2cm } \t\tP { margin-bottom: 0.21cm } \t--> \t  <\/p>\n<p style=\"margin-bottom: 0cm\" class=\"western padrao\">Uma audi&ecirc;ncia p&uacute;blica na Assembl&eacute;ia Legislativa do Paran&aacute; e o lan&ccedil;amento de uma Comiss&atilde;o formada por entidades da sociedade civil em Minas Gerais foram dois recentes movimentos para fortalecer a luta pela convoca&ccedil;&atilde;o da Confer&ecirc;ncia Nacional de Comunica&ccedil;&atilde;o. Movimentos sociais de todo o pa&iacute;s preparam-se para o Semin&aacute;rio Nacional a ser realizado em dezembro, que definir&aacute; estrat&eacute;gias de a&ccedil;&atilde;o unificada pela democratiza&ccedil;&atilde;o da comunica&ccedil;&atilde;o.<\/p>\n<p>A audi&ecirc;ncia p&uacute;blica na Assembl&eacute;ia Legislativa do Paran&aacute; aconteceu no dia 28 de outubro e definiu estrat&eacute;gias locais de mobiliza&ccedil;&atilde;o. A mesa de trabalhos da audi&ecirc;ncia p&uacute;blica foi composta pela presidente do Sindicato dos Jornalistas do Paran&aacute; e Vice-presidente Sul da FENAJ, Aniela Almeida, pelos deputados estaduais P&eacute;ricles Mello e Tadeu Veneri (ambos do PT), pela jornalista Rachel Bragatto, do Intervozes &#8211; Coletivo Brasil de Comunica&ccedil;&atilde;o Social -, pelo presidente da CUT-PR, Roni Anderson Barbosa, e pela representante da Coordena&ccedil;&atilde;o dos Movimentos Sociais de Curitiba, Maria Izabel Machado.<\/p>\n<p>Entre as a&ccedil;&otilde;es apontadas na audi&ecirc;ncia definiu-se a minuta de uma mo&ccedil;&atilde;o de apoio &agrave; convoca&ccedil;&atilde;o da Confer&ecirc;ncia a ser encaminhada para aprova&ccedil;&atilde;o Assembl&eacute;ia Legislativa e posterior encaminhamento ao governo federal, a quem cabe o chamamento da Confer&ecirc;ncia, um pedido de audi&ecirc;ncia com o governador Roberto Requi&atilde;o para que ele convoque uma Confer&ecirc;ncia Estadual de Comunica&ccedil;&atilde;o como pr&eacute;via &agrave; nacional e a cria&ccedil;&atilde;o do Comit&ecirc; Paranaense Pr&oacute;-Confer&ecirc;ncia Nacional de Comunica&ccedil;&atilde;o.<\/p>\n<p>J&aacute; em Minas Gerais, no dia 23 de outubro foi lan&ccedil;ada, na sede do Conselho Regional de Psicologia, a Comiss&atilde;o Mineira Pr&oacute;-Confer&ecirc;ncia Nacional de Comunica&ccedil;&atilde;o. O lan&ccedil;amento foi veiculado pela TV Comunit&aacute;ria de BH e por outras TVs comunit&aacute;rias do Brasil. O programa\/reuni&atilde;o tamb&eacute;m foi veiculado ao vivo pela R&aacute;dio FAE (web) com link para aproximadamente 60 repetidoras.<\/p>\n<p>A Comiss&atilde;o realizou sua primeira reuni&atilde;o nesta segunda-feira (3), na sede do Sindicato dos Jornalistas de Minas Gerais. Foram discutidas as formas de organiza&ccedil;&atilde;o e participa&ccedil;&atilde;o das diversas entidades no movimento, a constru&ccedil;&atilde;o de um Semin&aacute;rio Estadual e a participa&ccedil;&atilde;o no semin&aacute;rio nacional a realizar-se em Bras&iacute;lia no dia 02 de dezembro. Os participantes debateram, tamb&eacute;m, estrat&eacute;gias para a realiza&ccedil;&atilde;o de confer&ecirc;ncias municipais e da Confer&ecirc;ncia Estadual, com foco na Confer&ecirc;ncia Nacional de Comunica&ccedil;&atilde;o.<\/p>\n","protected":false},"excerpt":{"rendered":"<p>Uma audi&ecirc;ncia p&uacute;blica na Assembl&eacute;ia Legislativa do Paran&aacute; e o lan&ccedil;amento de uma Comiss&atilde;o formada por entidades da sociedade civil em Minas Gerais foram dois recentes movimentos para fortalecer a luta pela convoca&ccedil;&atilde;o da Confer&ecirc;ncia Nacional de Comunica&ccedil;&atilde;o. Movimentos sociais de todo o pa&iacute;s preparam-se para o Semin&aacute;rio Nacional a ser realizado em dezembro, que &hellip; <a href=\"https:\/\/obscom.intervozes.org.br\/?p=22075\" class=\"more-link\">Continue lendo <span class=\"screen-reader-text\">Entidades do PR e MG definem a\u00e7\u00f5es pela Confer\u00eancia Nacional de Comunica\u00e7\u00e3o<\/span> <span class=\"meta-nav\">&rarr;<\/span><\/a><\/p>\n","protected":false},"author":1,"featured_media":0,"comment_status":"open","ping_status":"open","sticky":false,"template":"","format":"standard","meta":{"footnotes":""},"categories":[40],"tags":[832],"_links":{"self":[{"href":"https:\/\/obscom.intervozes.org.br\/index.php?rest_route=\/wp\/v2\/posts\/22075"}],"collection":[{"href":"https:\/\/obscom.intervozes.org.br\/index.php?rest_route=\/wp\/v2\/posts"}],"about":[{"href":"https:\/\/obscom.intervozes.org.br\/index.php?rest_route=\/wp\/v2\/types\/post"}],"author":[{"embeddable":true,"href":"https:\/\/obscom.intervozes.org.br\/index.php?rest_route=\/wp\/v2\/users\/1"}],"replies":[{"embeddable":true,"href":"https:\/\/obscom.intervozes.org.br\/index.php?rest_route=%2Fwp%2Fv2%2Fcomments&post=22075"}],"version-history":[{"count":0,"href":"https:\/\/obscom.intervozes.org.br\/index.php?rest_route=\/wp\/v2\/posts\/22075\/revisions"}],"wp:attachment":[{"href":"https:\/\/obscom.intervozes.org.br\/index.php?rest_route=%2Fwp%2Fv2%2Fmedia&parent=22075"}],"wp:term":[{"taxonomy":"category","embeddable":true,"href":"https:\/\/obscom.intervozes.org.br\/index.php?rest_route=%2Fwp%2Fv2%2Fcategories&post=22075"},{"taxonomy":"post_tag","embeddable":true,"href":"https:\/\/obscom.intervozes.org.br\/index.php?rest_route=%2Fwp%2Fv2%2Ftags&post=22075"}],"curies":[{"name":"wp","href":"https:\/\/api.w.org\/{rel}","templated":true}]}}