{"id":22073,"date":"2008-11-05T19:12:16","date_gmt":"2008-11-05T19:12:16","guid":{"rendered":"https:\/\/obscom.intervozes.org.br\/wordpress\/?p=22073"},"modified":"2008-11-05T19:12:16","modified_gmt":"2008-11-05T19:12:16","slug":"bndes-nao-ira-interferir-se-anuencia-da-anatel-para-a-negociacao-atrasar","status":"publish","type":"post","link":"https:\/\/obscom.intervozes.org.br\/?p=22073","title":{"rendered":"BNDES n\u00e3o ir\u00e1 interferir se anu\u00eancia da Anatel para a negocia\u00e7\u00e3o atrasar"},"content":{"rendered":"<p>   \t \t \t \t \t<!-- \t\t@page { margin: 2cm } \t\tP { margin-bottom: 0.21cm } \t--> \t  <\/p>\n<p style=\"margin-bottom: 0cm\" class=\"western padrao\">Pelo menos oficialmente, a Oi ter&aacute; que correr sozinha para conseguir, at&eacute; 21 de dezembro, a anu&ecirc;ncia da Ag&ecirc;ncia Nacional de Telecomunica&ccedil;&otilde;es (Anatel) para comprar a Brasil Telecom sem ter que pagar a multa milion&aacute;ria prevista no contrato de acionistas assinado em abril. O chefe do Departamento de Telecomunica&ccedil;&otilde;es do Banco de Desenvolvimento Econ&ocirc;mico e Social (BNDES), Alan Fischler, descartou nesta ter&ccedil;a-feira (4), qualquer ajuda da institui&ccedil;&atilde;o para que a Oi consiga cumprir o prazo do neg&oacute;cio.<\/p>\n<p>&quot;Acho que d&aacute; tempo de a Anatel conceder a anu&ecirc;ncia pr&eacute;via. Mas se por ventura isso n&atilde;o ocorrer, as empresas ter&atilde;o que resolver isso, j&aacute; que o BNDES n&atilde;o pode interferir&quot;, comentou o diretor. Fischler participou do F&oacute;rum de Telecomunica&ccedil;&otilde;es, realizado pela C&acirc;mara dos Deputados para debater o futuro do setor.<\/p>\n<p>Para ele, o neg&oacute;cio entre a Oi e Brasil Telecom tem tempo h&aacute;bil para ser conclu&iacute;do antes do prazo determinado no acordo. Fischler fez quest&atilde;o de frisar que o banco n&atilde;o financiou a compra da Brasil Telecom pela Oi; a entidade apenas financiou uma reestrutura&ccedil;&atilde;o na Telemar Participa&ccedil;&otilde;es. <\/p>\n<p>Na opini&atilde;o dele, mesmo com a crise financeira, o neg&oacute;cio ainda &eacute; vi&aacute;vel, mas quem tem que avaliar isso s&atilde;o as empresas. Fischler disse que mesmo num cen&aacute;rio catastr&oacute;fico, em que a opera&ccedil;&atilde;o n&atilde;o saia, a reestrutura&ccedil;&atilde;o na Telemar j&aacute; aconteceu, que &eacute; o mais importante para o banco. O neg&oacute;cio entre a Oi e a Brasil Telecom foi fechado pelo valor de R$ 5,86 bilh&otilde;es. Os recursos do BNDES para a reestrutura&ccedil;&atilde;o acion&aacute;ria da Telemar foram de R$ 2,569 bilh&otilde;es. <\/p>\n<p><strong>PGO <br \/><\/strong><br \/>Sem apresentar maiores detalhes, o conselheiro da Anatel, Ant&ocirc;nio Domingos Bedran, que tamb&eacute;m participou do F&oacute;rum, informou que o tr&acirc;mite do Plano Geral de Outorgas (PGO) deve ser r&aacute;pido a partir de agora. &quot;O Conselho Consultivo da ag&ecirc;ncia dever&aacute; remeter o processo ao Conselho Diretor com sua manifesta&ccedil;&atilde;o. Em seguida a ag&ecirc;ncia encaminha o documento como um todo ao ministro das Comunica&ccedil;&otilde;es&quot;, informou. <\/p>\n<p>Outro participante do evento, Ant&ocirc;nio Carlos Valente, presidente da Telef&ocirc;nica, disse que a empresa est&aacute; muito tranq&uuml;ila em rela&ccedil;&atilde;o &agrave;s delibera&ccedil;&otilde;es do PGO e que as sugest&otilde;es apresentadas pelo Conselho Consultivo contribuem para a robustez do plano. &quot;S&atilde;o aperfei&ccedil;oamentos que s&oacute; contribuem para que todos do setor tenham mais tranq&uuml;ilidade e seguran&ccedil;a para os passos que ser&atilde;o dados adiante&quot;, opinou. <\/p>\n<p><strong>PGMC <\/strong><\/p>\n<p>Ao comentar a cria&ccedil;&atilde;o de um Plano Geral de Metas de Competi&ccedil;&atilde;o (PGMC), Valente disse que o novo plano ser&aacute; um instrumento adicional para o setor e poder&aacute; trazer mais seguran&ccedil;a para as empresas, j&aacute; que ele estabelece com clareza quais ser&atilde;o as regras. &quot;N&oacute;s somos defensores de infra-estrutura e, desde que existam medidas que organizem o mercado e fa&ccedil;am com que haja mais investimentos e desenvolvimento, podem contar com nosso apre&ccedil;o&quot;, comentou.<\/p>\n","protected":false},"excerpt":{"rendered":"<p>Pelo menos oficialmente, a Oi ter&aacute; que correr sozinha para conseguir, at&eacute; 21 de dezembro, a anu&ecirc;ncia da Ag&ecirc;ncia Nacional de Telecomunica&ccedil;&otilde;es (Anatel) para comprar a Brasil Telecom sem ter que pagar a multa milion&aacute;ria prevista no contrato de acionistas assinado em abril. O chefe do Departamento de Telecomunica&ccedil;&otilde;es do Banco de Desenvolvimento Econ&ocirc;mico e &hellip; <a href=\"https:\/\/obscom.intervozes.org.br\/?p=22073\" class=\"more-link\">Continue lendo <span class=\"screen-reader-text\">BNDES n\u00e3o ir\u00e1 interferir se anu\u00eancia da Anatel para a negocia\u00e7\u00e3o atrasar<\/span> <span class=\"meta-nav\">&rarr;<\/span><\/a><\/p>\n","protected":false},"author":1,"featured_media":0,"comment_status":"open","ping_status":"open","sticky":false,"template":"","format":"standard","meta":{"footnotes":""},"categories":[40],"tags":[859],"_links":{"self":[{"href":"https:\/\/obscom.intervozes.org.br\/index.php?rest_route=\/wp\/v2\/posts\/22073"}],"collection":[{"href":"https:\/\/obscom.intervozes.org.br\/index.php?rest_route=\/wp\/v2\/posts"}],"about":[{"href":"https:\/\/obscom.intervozes.org.br\/index.php?rest_route=\/wp\/v2\/types\/post"}],"author":[{"embeddable":true,"href":"https:\/\/obscom.intervozes.org.br\/index.php?rest_route=\/wp\/v2\/users\/1"}],"replies":[{"embeddable":true,"href":"https:\/\/obscom.intervozes.org.br\/index.php?rest_route=%2Fwp%2Fv2%2Fcomments&post=22073"}],"version-history":[{"count":0,"href":"https:\/\/obscom.intervozes.org.br\/index.php?rest_route=\/wp\/v2\/posts\/22073\/revisions"}],"wp:attachment":[{"href":"https:\/\/obscom.intervozes.org.br\/index.php?rest_route=%2Fwp%2Fv2%2Fmedia&parent=22073"}],"wp:term":[{"taxonomy":"category","embeddable":true,"href":"https:\/\/obscom.intervozes.org.br\/index.php?rest_route=%2Fwp%2Fv2%2Fcategories&post=22073"},{"taxonomy":"post_tag","embeddable":true,"href":"https:\/\/obscom.intervozes.org.br\/index.php?rest_route=%2Fwp%2Fv2%2Ftags&post=22073"}],"curies":[{"name":"wp","href":"https:\/\/api.w.org\/{rel}","templated":true}]}}