{"id":22071,"date":"2008-11-05T19:02:59","date_gmt":"2008-11-05T19:02:59","guid":{"rendered":"https:\/\/obscom.intervozes.org.br\/wordpress\/?p=22071"},"modified":"2008-11-05T19:02:59","modified_gmt":"2008-11-05T19:02:59","slug":"ministerio-da-justica-reclassifica-programa-de-auditorio-da-record-para-as-20h","status":"publish","type":"post","link":"https:\/\/obscom.intervozes.org.br\/?p=22071","title":{"rendered":"Minist\u00e9rio da Justi\u00e7a reclassifica programa de audit\u00f3rio da Record para as 20h"},"content":{"rendered":"<p>   \t \t \t \t \t<!-- \t\t@page { margin: 2cm } \t\tP { margin-bottom: 0.21cm } \t--> \t  <\/p>\n<p style=\"margin-bottom: 0cm\" class=\"western padrao\">&quot;O Melhor do Brasil&quot;, exibido pela Record aos s&aacute;bados, das 16h &agrave;s 20h30, ter&aacute; que mudar. Ato do Minist&eacute;rio da Justi&ccedil;a, publicado no &quot;Di&aacute;rio Oficial&quot; de ontem, o reclassificou como impr&oacute;prio para menores de 12 anos. A rigor, a partir deste s&aacute;bado, as gincanas apresentadas por Rodrigo Faro s&oacute; poder&atilde;o ir ao ar ap&oacute;s as 20h. &Eacute; a medida mais dr&aacute;stica j&aacute; tomada contra um programa de audit&oacute;rio. <\/p>\n<p>Ontem &agrave; tarde, o departamento jur&iacute;dico da Record estudava as san&ccedil;&otilde;es em caso de desrespeito &agrave; determina&ccedil;&atilde;o. A emissora vai recorrer e n&atilde;o descarta apelar &agrave; Justi&ccedil;a comum. &quot;Est&atilde;o tentando acabar com a liberdade de express&atilde;o e de escolha&quot;, reagiu Alexandre Raposo, presidente da Record. <\/p>\n<p>O minist&eacute;rio reclassificou &quot;O Melhor do Brasil&quot;, antes livre, porque viu nele &quot;linguagem metaforizada, obscena e chula&quot;, al&eacute;m de &quot;conte&uacute;do sexual, valoriza&ccedil;&atilde;o da beleza f&iacute;sica e\/ ou do corpo como condi&ccedil;&atilde;o imprescind&iacute;vel para uma vida mais feliz e\/ou para a aceita&ccedil;&atilde;o social&quot;. Considerou ainda &quot;como agravantes&quot; a exposi&ccedil;&atilde;o de &quot;minorias pol&iacute;ticas (mulheres e homossexuais) a situa&ccedil;&otilde;es humilhantes e degradantes&quot;. <\/p>\n<p>O &oacute;rg&atilde;o provavelmente se refere a um quadro em que atores t&ecirc;m que adivinhar se determinada pessoa &eacute; gay, casada ou solteira. &quot;O programa n&atilde;o tem nada de impr&oacute;prio. Ainda que tivesse, que se reclassificasse apenas o quadro. Isso &eacute; radicalismo&quot;, disse Raposo.<\/p>\n","protected":false},"excerpt":{"rendered":"<p>&quot;O Melhor do Brasil&quot;, exibido pela Record aos s&aacute;bados, das 16h &agrave;s 20h30, ter&aacute; que mudar. Ato do Minist&eacute;rio da Justi&ccedil;a, publicado no &quot;Di&aacute;rio Oficial&quot; de ontem, o reclassificou como impr&oacute;prio para menores de 12 anos. A rigor, a partir deste s&aacute;bado, as gincanas apresentadas por Rodrigo Faro s&oacute; poder&atilde;o ir ao ar ap&oacute;s as &hellip; <a href=\"https:\/\/obscom.intervozes.org.br\/?p=22071\" class=\"more-link\">Continue lendo <span class=\"screen-reader-text\">Minist\u00e9rio da Justi\u00e7a reclassifica programa de audit\u00f3rio da Record para as 20h<\/span> <span class=\"meta-nav\">&rarr;<\/span><\/a><\/p>\n","protected":false},"author":1,"featured_media":0,"comment_status":"open","ping_status":"open","sticky":false,"template":"","format":"standard","meta":{"footnotes":""},"categories":[40],"tags":[111],"_links":{"self":[{"href":"https:\/\/obscom.intervozes.org.br\/index.php?rest_route=\/wp\/v2\/posts\/22071"}],"collection":[{"href":"https:\/\/obscom.intervozes.org.br\/index.php?rest_route=\/wp\/v2\/posts"}],"about":[{"href":"https:\/\/obscom.intervozes.org.br\/index.php?rest_route=\/wp\/v2\/types\/post"}],"author":[{"embeddable":true,"href":"https:\/\/obscom.intervozes.org.br\/index.php?rest_route=\/wp\/v2\/users\/1"}],"replies":[{"embeddable":true,"href":"https:\/\/obscom.intervozes.org.br\/index.php?rest_route=%2Fwp%2Fv2%2Fcomments&post=22071"}],"version-history":[{"count":0,"href":"https:\/\/obscom.intervozes.org.br\/index.php?rest_route=\/wp\/v2\/posts\/22071\/revisions"}],"wp:attachment":[{"href":"https:\/\/obscom.intervozes.org.br\/index.php?rest_route=%2Fwp%2Fv2%2Fmedia&parent=22071"}],"wp:term":[{"taxonomy":"category","embeddable":true,"href":"https:\/\/obscom.intervozes.org.br\/index.php?rest_route=%2Fwp%2Fv2%2Fcategories&post=22071"},{"taxonomy":"post_tag","embeddable":true,"href":"https:\/\/obscom.intervozes.org.br\/index.php?rest_route=%2Fwp%2Fv2%2Ftags&post=22071"}],"curies":[{"name":"wp","href":"https:\/\/api.w.org\/{rel}","templated":true}]}}