{"id":22064,"date":"2008-11-05T14:41:21","date_gmt":"2008-11-05T14:41:21","guid":{"rendered":"https:\/\/obscom.intervozes.org.br\/wordpress\/?p=22064"},"modified":"2014-09-07T02:57:26","modified_gmt":"2014-09-07T02:57:26","slug":"conselho-consultivo-ignora-criticas-e-endossa-novo-pgo","status":"publish","type":"post","link":"https:\/\/obscom.intervozes.org.br\/?p=22064","title":{"rendered":"Conselho Consultivo ignora cr\u00edticas e endossa novo PGO"},"content":{"rendered":"<p><span class=\"padrao\">Ao longo do r&aacute;pido processo de revis&otilde;a do Plano Geral de Outorgas (PGO), o Conselho Consultivo da Ag&ecirc;ncia Nacional de Telecomunica&ccedil;&otilde;es (Anatel) foi o principal espa&ccedil;o de discuss&atilde;o cr&iacute;tica sobre o tema, sendo palco de questionamentos sobre suas motiva&ccedil;&otilde;es e sobre o m&eacute;rito de suas propostas. O &oacute;rg&atilde;o promoveu v&aacute;rios debates com os mais diversos agentes interessados, das associa&ccedil;&otilde;es de operadoras de telecomunica&ccedil;&otilde;es aos &oacute;rg&atilde;os de defesa do consumidor.<\/p>\n<p>Com a vota&ccedil;&atilde;o da proposta final do Conselho Diretor [<a href=\"http:\/\/localhost\/intervozes_direitoacomunicacao\/wordpress\/?p=21989\">saiba mais<\/a> ], conclu&iacute;da h&aacute; cerca de dez dias, coube ao Conselho Consultivo emitir sua opini&atilde;o definitiva antes do envio do projeto ao Executivo Federal para elabora&ccedil;&atilde;o da reda&ccedil;&atilde;o final a ser publicada na forma de Decreto Presidencial. Ap&oacute;s mais de seis horas, os integrantes do &oacute;rg&atilde;o aprovaram nesta segunda-feira (3) o voto do relator Walter Faiad de Moura com algumas modifica&ccedil;&otilde;es.<\/p>\n<p>Na vers&atilde;o que deixa a Anatel e parte para a aprecia&ccedil;&atilde;o do Minist&eacute;rio das Comunica&ccedil;&otilde;es, prevaleceram os interesses das concession&aacute;rias de telefonia fixa em detrimento dos apelos cr&iacute;ticos das entidades de defesa do consumidor ou mesmo das propostas de contrapartidas dos pequenos operadores. &quot;Foi um resultado conservador, que n&atilde;o inova em rela&ccedil;&atilde;o ao que j&aacute; havia sido aprovado e que incorpora pouco ou quase nada das cr&iacute;ticas das entidades da sociedade civil&quot;, analisa o conselheiro Jos&eacute; Zunga, que votou favoravelmente &agrave; vers&atilde;o de Faiad.<\/p>\n<p>O texto aprovado pelo Conselho Consultivo mant&eacute;m praticamente todos os artigos da vers&atilde;o do Conselho Diretor. As &uacute;nicas duas inser&ccedil;&otilde;es do relator foram a defini&ccedil;&atilde;o do servi&ccedil;o de telefonia fixa, que havia sido retirada na reda&ccedil;&atilde;o votada pela dire&ccedil;&atilde;o da ag&ecirc;ncia, e o prazo para aprova&ccedil;&atilde;o do Plano Geral de Metas de Competi&ccedil;&atilde;o em at&eacute; um ano, ao inv&eacute;s dos dois anos estabelecidos no Plano de Atualiza&ccedil;&atilde;o dos Regulamentos de Telecomunica&ccedil;&otilde;es (PGR).<\/p>\n<p>As cr&iacute;ticas e pedidos de contrapartidas, por v&aacute;rias vezes apresentados nas audi&ecirc;ncias do colegiado, foram registrados no relat&oacute;rio mas n&atilde;o incorporados nem no texto do PGO, nem nas recomenda&ccedil;&otilde;es adicionais feitas no parecer. &quot;Foi dito aqui por in&uacute;meros segmentos da sociedade que havia motiva&ccedil;&atilde;o casu&iacute;stica, que todo este processo se movia para o atendimento de quest&atilde;o espec&iacute;fica [a viabiliza&ccedil;&atilde;o legal da fus&atilde;o entre Brasil Telecom e Oi]. E este posicionamento que foi gritado n&atilde;o foi colocado neste voto. Por qu&ecirc;?&quot;, questionou Fl&aacute;via Lef&eacute;vre, ocupante da cadeira dos usu&aacute;rios que, junto com Ricardo Sanchez, representante dos pequenos provedores, apresentou voto em separado contr&aacute;rio ao relat&oacute;rio de Faiad.<br \/><span class=\"padrao\"><br \/>O relator n&atilde;o deu maiores justificativas e limitou-se a dizer que optou por um voto &quot;enxuto e seco&quot;. &quot;<\/span><\/span><span class=\"padrao\"><span>O plano n&atilde;o pode se tornar um deposit&oacute;rio dos reclames, pois estes entrariam em outros instrumentos de regula&ccedil;&atilde;o&quot;, argumentou.<\/span><\/span><span class=\"padrao\"> Esta foi a justificativa dada por integrantes do Conselho Diretor para derrubar a proposta de separa&ccedil;&atilde;o empresarial apresentada pelo relator do processo naquele &oacute;rg&atilde;o, Pedro Jaime Ziller. No entanto, Walter Faiad apresentou algumas recomenda&ccedil;&otilde;es surpreendentemente externas ao escopo do PGO.<br \/><strong><br \/>Cr&iacute;ticas aos provedores de Internet<\/strong><\/p>\n<p>A mais pol&ecirc;mica foi que as operadoras de telefonia fixa sejam proibidas de explorar os servi&ccedil;os de autentica&ccedil;&atilde;o e autoriza&ccedil;&atilde;o de acesso &agrave; internet ou, em outras palavras, que uma detentora da rede de STFC pudesse tamb&eacute;m manter um provedor de internet pr&oacute;prio. A inten&ccedil;&atilde;o era incentivar a atua&ccedil;&atilde;o de pequenos e m&eacute;dios provedores em cima das redes das concession&aacute;rias.<\/p>\n<p>O tema ensejou discuss&otilde;es &aacute;speras j&aacute; desde antes da apresenta&ccedil;&atilde;o formal do relat&oacute;rio de Faiad. Rec&eacute;m-nomeado integrante do Conselho Consultivo, ocupando uma das cadeiras do Minist&eacute;rio das Comunica&ccedil;&otilde;es, &Aacute;tila Souto criticou fortemente a figura dos provedores dizendo que, na banda larga, tecnologicamente n&atilde;o h&aacute; mais a necessidade de pagar para que um ente fizesse a autentica&ccedil;&atilde;o do acesso &agrave; internet.<\/p>\n<p>Ricardo Sanchez respondeu tamb&eacute;m em tom duro. &quot;O que n&atilde;o faz sentido n&atilde;o &eacute; o provedor, mas a concentra&ccedil;&atilde;o de mercado e verticaliza&ccedil;&atilde;o da oferta de servi&ccedil;os e acabar com direito de escolha do consumido<span class=\"padrao\">r&quot;, afirmou, citando os problemas n&atilde;o resolvidos do setor.<\/span><\/span><span class=\"padrao\"><span><\/p>\n<p>No fim do processo de discuss&atilde;o, esta &uacute;nica &quot;novidade&quot; inclu&iacute;da no texto por Faiad foi derrubada a pedido dos representantes do Minist&eacute;rio das Comunica&ccedil;&otilde;es. Segundo o consultor jur&iacute;dico da pasta, Marcelo Bechara, n&atilde;o seria correto incluir uma recomenda&ccedil;&atilde;o que tratasse de um tema ainda pouco amadurecido no Conselho Consultivo.<\/span><\/span><br \/><span class=\"padrao\"><br \/><strong>Acr&eacute;scimos<\/strong><\/p>\n<p>O pleno do Conselho Consultivo tamb&eacute;m incluiu algumas recomenda&ccedil;&otilde;es apresentadas por Jos&eacute; Zunga. A primeira foi que a Anatel proponha &agrave;s concession&aacute;rias um termo para resolver problemas e debilidades dos terminais telef&ocirc;nicos p&uacute;blicos. Zunga, ex-presidente da Federa&ccedil;&atilde;o Interestadual dos Trabalhadores em Empresas de Telecomunica&ccedil;&otilde;es (Fittel), tamb&eacute;m conseguiu votos favor&aacute;veis &agrave; sugest&atilde;o de que as empresas concession&aacute;rias de STFC atendam os usu&aacute;rios com m&atilde;o-de-obra diretamente contratada. O objetivo &eacute; combater a pr&aacute;tica de terceiriza&ccedil;&atilde;o, cada vez mais comum entre as empresas.&nbsp; <br \/><\/span><\/p>\n","protected":false},"excerpt":{"rendered":"<p>Posi\u00e7\u00f5es contr\u00e1rias \u00e0s mudan\u00e7as no PGO que promovem a concentra\u00e7\u00e3o do mercado de telefonia e que foram apresentadas durante os debates realizados pelo \u00f3rg\u00e3o da Anatel n\u00e3o sensibilizaram os conselheiros<\/p>\n","protected":false},"author":1,"featured_media":0,"comment_status":"open","ping_status":"open","sticky":false,"template":"","format":"standard","meta":{"footnotes":""},"categories":[40],"tags":[366],"_links":{"self":[{"href":"https:\/\/obscom.intervozes.org.br\/index.php?rest_route=\/wp\/v2\/posts\/22064"}],"collection":[{"href":"https:\/\/obscom.intervozes.org.br\/index.php?rest_route=\/wp\/v2\/posts"}],"about":[{"href":"https:\/\/obscom.intervozes.org.br\/index.php?rest_route=\/wp\/v2\/types\/post"}],"author":[{"embeddable":true,"href":"https:\/\/obscom.intervozes.org.br\/index.php?rest_route=\/wp\/v2\/users\/1"}],"replies":[{"embeddable":true,"href":"https:\/\/obscom.intervozes.org.br\/index.php?rest_route=%2Fwp%2Fv2%2Fcomments&post=22064"}],"version-history":[{"count":1,"href":"https:\/\/obscom.intervozes.org.br\/index.php?rest_route=\/wp\/v2\/posts\/22064\/revisions"}],"predecessor-version":[{"id":27955,"href":"https:\/\/obscom.intervozes.org.br\/index.php?rest_route=\/wp\/v2\/posts\/22064\/revisions\/27955"}],"wp:attachment":[{"href":"https:\/\/obscom.intervozes.org.br\/index.php?rest_route=%2Fwp%2Fv2%2Fmedia&parent=22064"}],"wp:term":[{"taxonomy":"category","embeddable":true,"href":"https:\/\/obscom.intervozes.org.br\/index.php?rest_route=%2Fwp%2Fv2%2Fcategories&post=22064"},{"taxonomy":"post_tag","embeddable":true,"href":"https:\/\/obscom.intervozes.org.br\/index.php?rest_route=%2Fwp%2Fv2%2Ftags&post=22064"}],"curies":[{"name":"wp","href":"https:\/\/api.w.org\/{rel}","templated":true}]}}