{"id":22063,"date":"2008-11-04T16:39:03","date_gmt":"2008-11-04T16:39:03","guid":{"rendered":"https:\/\/obscom.intervozes.org.br\/wordpress\/?p=22063"},"modified":"2008-11-04T16:39:03","modified_gmt":"2008-11-04T16:39:03","slug":"comissao-interamericana-de-dh-apoia-principios-de-regulacao","status":"publish","type":"post","link":"https:\/\/obscom.intervozes.org.br\/?p=22063","title":{"rendered":"Comiss\u00e3o Interamericana de DH ap\u00f3ia princ\u00edpios de regula\u00e7\u00e3o"},"content":{"rendered":"<p>   \t \t \t \t \t<!-- \t\t@page { margin: 2cm } \t\tP { margin-bottom: 0.21cm } \t--> \t  <\/p>\n<p style=\"margin-bottom: 0cm\" class=\"western padrao\">Em audi&ecirc;ncia p&uacute;blica na Comiss&atilde;o Interamericana de Direitos Humanos (CIDH), a Associa&ccedil;&atilde;o Mundial de R&aacute;dios Comunit&aacute;rias na Am&eacute;rica Latina e Caribe (Amarc-ALC) apresentou, no &uacute;ltimo dia 28 de outubro, a declara&ccedil;&atilde;o &ldquo;Princ&iacute;pios para um Marco Regulat&oacute;rio Democr&aacute;tico sobre R&aacute;dio e TV Comunit&aacute;ria&rdquo;. O documento teve boa receptividade por parte da CIDH e deve servir de base para uma s&eacute;rie de iniciativas no &acirc;mbito da radiodifus&atilde;o.<\/p>\n<p>Participaram da reuni&atilde;o o presidente da CIDH, Paolo Carozza, a Relatora Especial para Liberdade de Express&atilde;o Catalina Botero e representantes da Amarc-ALC.<\/p>\n<p>Entre as propostas apresentadas pela Amarc-ALC e acolhidas pela CIDH est&aacute; a realiza&ccedil;&atilde;o de um estudo sobre a compatibilidade das regulamenta&ccedil;&otilde;es estatais em rela&ccedil;&atilde;o &agrave; radiodifus&atilde;o em rela&ccedil;&atilde;o aos princ&iacute;pios elencados no documento da associa&ccedil;&atilde;o de r&aacute;dios. A pesquisa deve ser encaminhada pela Comiss&atilde;o a partir de 2010.<\/p>\n<p>Outro compromisso assumido pela CIDH foi colaborar com a elabora&ccedil;&atilde;o de padr&otilde;es de interpreta&ccedil;&atilde;o que sirvam de guia para os governos e tamb&eacute;m para a radiodifus&atilde;o comunit&aacute;ria, sempre utilizando os &ldquo;Pr&iacute;nc&iacute;pios&rdquo; como refer&ecirc;ncia.<\/p>\n<p>O documento re&uacute;ne 14 princ&iacute;pios que servem de guia para a elabora&ccedil;&atilde;o, aprova&ccedil;&atilde;o e implementa&ccedil;&atilde;o de regulamentos sobre radiodifus&atilde;o comunit&aacute;ria que sejam compat&iacute;veis com os padr&otilde;es internacionais de direitos humanos. O texto &eacute; resultado da pesquisa &ldquo;Melhores Pr&aacute;ticas sobre Marcos Regulat&oacute;rios em Radiodifus&atilde;o Comunit&aacute;ria&rdquo;, que comparou os marcos regulat&oacute;rios sobre radiodifus&atilde;o de 30 pa&iacute;ses dos cinco continentes.<\/p>\n<p><a href=\"http:\/\/legislaciones.amarc.org\/\">Para consultar o documento nas suas vers&otilde;es em portugu&ecirc;s, espanhol, ingl&ecirc;s e franc&ecirc;s, clique aqui.<\/a><\/p>\n","protected":false},"excerpt":{"rendered":"<p>Em audi&ecirc;ncia p&uacute;blica na Comiss&atilde;o Interamericana de Direitos Humanos (CIDH), a Associa&ccedil;&atilde;o Mundial de R&aacute;dios Comunit&aacute;rias na Am&eacute;rica Latina e Caribe (Amarc-ALC) apresentou, no &uacute;ltimo dia 28 de outubro, a declara&ccedil;&atilde;o &ldquo;Princ&iacute;pios para um Marco Regulat&oacute;rio Democr&aacute;tico sobre R&aacute;dio e TV Comunit&aacute;ria&rdquo;. O documento teve boa receptividade por parte da CIDH e deve servir de &hellip; <a href=\"https:\/\/obscom.intervozes.org.br\/?p=22063\" class=\"more-link\">Continue lendo <span class=\"screen-reader-text\">Comiss\u00e3o Interamericana de DH ap\u00f3ia princ\u00edpios de regula\u00e7\u00e3o<\/span> <span class=\"meta-nav\">&rarr;<\/span><\/a><\/p>\n","protected":false},"author":1,"featured_media":0,"comment_status":"open","ping_status":"open","sticky":false,"template":"","format":"standard","meta":{"footnotes":""},"categories":[40],"tags":[155],"_links":{"self":[{"href":"https:\/\/obscom.intervozes.org.br\/index.php?rest_route=\/wp\/v2\/posts\/22063"}],"collection":[{"href":"https:\/\/obscom.intervozes.org.br\/index.php?rest_route=\/wp\/v2\/posts"}],"about":[{"href":"https:\/\/obscom.intervozes.org.br\/index.php?rest_route=\/wp\/v2\/types\/post"}],"author":[{"embeddable":true,"href":"https:\/\/obscom.intervozes.org.br\/index.php?rest_route=\/wp\/v2\/users\/1"}],"replies":[{"embeddable":true,"href":"https:\/\/obscom.intervozes.org.br\/index.php?rest_route=%2Fwp%2Fv2%2Fcomments&post=22063"}],"version-history":[{"count":0,"href":"https:\/\/obscom.intervozes.org.br\/index.php?rest_route=\/wp\/v2\/posts\/22063\/revisions"}],"wp:attachment":[{"href":"https:\/\/obscom.intervozes.org.br\/index.php?rest_route=%2Fwp%2Fv2%2Fmedia&parent=22063"}],"wp:term":[{"taxonomy":"category","embeddable":true,"href":"https:\/\/obscom.intervozes.org.br\/index.php?rest_route=%2Fwp%2Fv2%2Fcategories&post=22063"},{"taxonomy":"post_tag","embeddable":true,"href":"https:\/\/obscom.intervozes.org.br\/index.php?rest_route=%2Fwp%2Fv2%2Ftags&post=22063"}],"curies":[{"name":"wp","href":"https:\/\/api.w.org\/{rel}","templated":true}]}}