{"id":22058,"date":"2008-11-04T15:07:25","date_gmt":"2008-11-04T15:07:25","guid":{"rendered":"https:\/\/obscom.intervozes.org.br\/wordpress\/?p=22058"},"modified":"2008-11-04T15:07:25","modified_gmt":"2008-11-04T15:07:25","slug":"tuma-jr-diz-que-nao-recebeu-parecer-do-mpf-contra-suspensao-da-classificacao-indicativa","status":"publish","type":"post","link":"https:\/\/obscom.intervozes.org.br\/?p=22058","title":{"rendered":"Tuma Jr. diz que n\u00e3o recebeu parecer do MPF contra suspens\u00e3o da classifica\u00e7\u00e3o indicativa"},"content":{"rendered":"<p>   \t \t \t \t \t<!-- \t\t@page { margin: 2cm } \t\tP { margin-bottom: 0.21cm } \t--> \t  <\/p>\n<p style=\"margin-bottom: 0cm\" class=\"western padrao\">O secret&aacute;rio Nacional de Justi&ccedil;a, Romeu Tuma Jr., afirma que n&atilde;o recebeu recomenda&ccedil;&atilde;o alguma do Minist&eacute;rio P&uacute;blico Federal que indique que o Minist&eacute;rio da Justi&ccedil;a deva voltar atr&aacute;s de decis&atilde;o que autorizou as TVs a descumprirem a classifica&ccedil;&atilde;o indicativa nos estados onde n&atilde;o h&aacute; hor&aacute;rio de ver&atilde;o. O MPF, ao contr&aacute;rio, informa que o procurador da Rep&uacute;blica no estado do Acre, Marcus Vinicius Aguiar Macedo, emitiu parecer contr&aacute;rio &agrave; decis&atilde;o do MJ no dia 20 de outubro.<\/p>\n<p>Uma reuni&atilde;o entre o secret&aacute;rio e a procuradora federal dos Direitos do Cidad&atilde;o, Gilda Carvalho, est&aacute; agendada para o dia 12.<\/p>\n<p><em>Com informa&ccedil;&otilde;es da coluna Outro Canal, da Folha de S. Paulo.<\/em><\/p>\n","protected":false},"excerpt":{"rendered":"<p>O secret&aacute;rio Nacional de Justi&ccedil;a, Romeu Tuma Jr., afirma que n&atilde;o recebeu recomenda&ccedil;&atilde;o alguma do Minist&eacute;rio P&uacute;blico Federal que indique que o Minist&eacute;rio da Justi&ccedil;a deva voltar atr&aacute;s de decis&atilde;o que autorizou as TVs a descumprirem a classifica&ccedil;&atilde;o indicativa nos estados onde n&atilde;o h&aacute; hor&aacute;rio de ver&atilde;o. O MPF, ao contr&aacute;rio, informa que o procurador &hellip; <a href=\"https:\/\/obscom.intervozes.org.br\/?p=22058\" class=\"more-link\">Continue lendo <span class=\"screen-reader-text\">Tuma Jr. diz que n\u00e3o recebeu parecer do MPF contra suspens\u00e3o da classifica\u00e7\u00e3o indicativa<\/span> <span class=\"meta-nav\">&rarr;<\/span><\/a><\/p>\n","protected":false},"author":1,"featured_media":0,"comment_status":"open","ping_status":"open","sticky":false,"template":"","format":"standard","meta":{"footnotes":""},"categories":[39],"tags":[],"_links":{"self":[{"href":"https:\/\/obscom.intervozes.org.br\/index.php?rest_route=\/wp\/v2\/posts\/22058"}],"collection":[{"href":"https:\/\/obscom.intervozes.org.br\/index.php?rest_route=\/wp\/v2\/posts"}],"about":[{"href":"https:\/\/obscom.intervozes.org.br\/index.php?rest_route=\/wp\/v2\/types\/post"}],"author":[{"embeddable":true,"href":"https:\/\/obscom.intervozes.org.br\/index.php?rest_route=\/wp\/v2\/users\/1"}],"replies":[{"embeddable":true,"href":"https:\/\/obscom.intervozes.org.br\/index.php?rest_route=%2Fwp%2Fv2%2Fcomments&post=22058"}],"version-history":[{"count":0,"href":"https:\/\/obscom.intervozes.org.br\/index.php?rest_route=\/wp\/v2\/posts\/22058\/revisions"}],"wp:attachment":[{"href":"https:\/\/obscom.intervozes.org.br\/index.php?rest_route=%2Fwp%2Fv2%2Fmedia&parent=22058"}],"wp:term":[{"taxonomy":"category","embeddable":true,"href":"https:\/\/obscom.intervozes.org.br\/index.php?rest_route=%2Fwp%2Fv2%2Fcategories&post=22058"},{"taxonomy":"post_tag","embeddable":true,"href":"https:\/\/obscom.intervozes.org.br\/index.php?rest_route=%2Fwp%2Fv2%2Ftags&post=22058"}],"curies":[{"name":"wp","href":"https:\/\/api.w.org\/{rel}","templated":true}]}}