{"id":22012,"date":"2008-10-24T12:34:09","date_gmt":"2008-10-24T12:34:09","guid":{"rendered":"https:\/\/obscom.intervozes.org.br\/wordpress\/?p=22012"},"modified":"2008-10-24T12:34:09","modified_gmt":"2008-10-24T12:34:09","slug":"forum-de-midia-livre-lanca-manifesto","status":"publish","type":"post","link":"https:\/\/obscom.intervozes.org.br\/?p=22012","title":{"rendered":"F\u00f3rum de M\u00eddia Livre lan\u00e7a manifesto"},"content":{"rendered":"\n<p>Revoltados com o abusivo poder exercido pelos grandes grupos comerciais de comunica&ccedil;&atilde;o, uma s&eacute;rie de comunicadores alternativos, ativistas e militantes da causa da comunica&ccedil;&atilde;o democr&aacute;tica articularam no in&iacute;cio deste ano um novo espa&ccedil;o de atua&ccedil;&atilde;o: o F&oacute;rum de M&iacute;dia Livre. A iniciativa teve seu primeiro encontro em junho deste ano, no qual reuniu mais de 400 pessoas para debater os desafios da constru&ccedil;&atilde;o de exeperi&ecirc;ncias alternativas de comunica&ccedil;&atilde;o. <\/p>\n<p>Como resultado do encontro, o FML lan&ccedil;ou nesta quinta-feira (23) um manifesto &ldquo;pelo fortalecimento da m&iacute;dia livre, por pol&iacute;ticas p&uacute;blicas democr&aacute;ticas de comunica&ccedil;&atilde;o e pela realiza&ccedil;&atilde;o da Confer&ecirc;ncia Nacional de Comunica&ccedil;&atilde;o&rdquo;. O documento recebeu a assinatura de mais de 30 entidades da sociedade civil, entre sindicatos, movimentos sociais e ONGs, e 25 ve&iacute;culos alternativos, de jornais como Brasil de Fato e Le Monde Diplomatique Brasil a ag&ecirc;ncias como CartaMaior e Adital. S&atilde;o tamb&eacute;m signat&aacute;rios acad&ecirc;micos,&nbsp; jornalistas e lideran&ccedil;as da sociedade.<\/p>\n<p>O manifesto aponta a necessidade de realizar na &aacute;rea das comunica&ccedil;&otilde;es os avan&ccedil;os democr&aacute;ticos obtidos em outros setores da sociedade brasileira. Neste sentido, defende a promo&ccedil;&atilde;o da diversidade informativa e de pontos de vista, a cria&ccedil;&atilde;o de um novo marco regulat&oacute;rio para as comunica&ccedil;&otilde;es que privilegie a democratiza&ccedil;&atilde;o do setor em detrimento do oligop&oacute;lio existente hoje, a implanta&ccedil;&atilde;o de um robusto sistema p&uacute;blico de m&iacute;dia e o combate &agrave; criminaliza&ccedil;&atilde;o dos movimentos sociais e organiza&ccedil;&otilde;es populares na m&iacute;dia.<\/p>\n<p>&ldquo;Por fim, um Estado democr&aacute;tico precisa defender a verdadeira liberdade de express&atilde;o e de acesso &agrave; informa&ccedil;&atilde;o, em toda sua dimens&atilde;o pol&iacute;tica e p&uacute;blica. Um avan&ccedil;o que acontece, essencialmente, quando cidad&atilde;s e cidad&atilde;os, bem como os diversos grupos sociais, t&ecirc;m condi&ccedil;&otilde;es de expressar suas opini&otilde;es, reflex&otilde;es e provoca&ccedil;&otilde;es de forma livre, e de alcan&ccedil;ar, de modo equ&acirc;nime, toda a variedade de pontos de vista que comp&otilde;e o universo ideol&oacute;gico de uma sociedade&rdquo;, prop&otilde;e o texto.<strong> <\/p>\n<p>Pauta<\/strong><\/p>\n<p>O documento lista o conjunto de pautas definidas pelos participantes do FML como centrais para mudar o cen&aacute;rio da m&iacute;dia brasileira. Uma das principais &eacute; a promo&ccedil;&atilde;o de uma campanha pela democratiza&ccedil;&atilde;o das verbas publicit&aacute;rias p&uacute;blicas com vistas ao estabelecimento de crit&eacute;rios democr&aacute;ticos e transparentes de distribui&ccedil;&atilde;o dos recursos oficiais investidos em an&uacute;ncios nos meios de comunica&ccedil;&atilde;o.<\/p>\n<p>O F&oacute;rum questiona os crit&eacute;rios t&eacute;cnicos de aloca&ccedil;&atilde;o destas verbas utilizados pelos governos hoje, como o &Iacute;ndice de Verifica&ccedil;&atilde;o de Circula&ccedil;&atilde;o (IVC), e argumenta que este montante deve ser aplicado sob a &eacute;gide de uma pol&iacute;tica p&uacute;blica de fomento &agrave; diversidade, e n&atilde;o apenas a partir da reprodu&ccedil;&atilde;o da l&oacute;gica mercadol&oacute;gica.<\/p>\n<p>&ldquo;O Estado n&atilde;o vende mercadoria, presta servi&ccedil;o p&uacute;blico. O crit&eacute;rio de veicula&ccedil;&atilde;o n&atilde;o deve ser o da circula&ccedil;&atilde;o, pois este est&aacute; vinculado &agrave; l&oacute;gica da audi&ecirc;ncia como mercadoria. A m&iacute;dia comercial vende audi&ecirc;ncia, isto &eacute;, circula&ccedil;&atilde;o ou pontos de Ibope, remunerando seus fatores de produ&ccedil;&atilde;o em fun&ccedil;&atilde;o da receita que o anunciante lhe proporciona devido ao p&uacute;blico que pode atingir. Ora, o Estado n&atilde;o precisa se subordinar a tais crit&eacute;rios. O Estado n&atilde;o vende nada, apenas presta contas, logo pode e deve chegar ao cidad&atilde;o atrav&eacute;s dos muitos canais pelos quais o cidad&atilde;o se informa&rdquo;, afirma Marcos Dantas, professor da PUC-RJ e um dos integrantes do FML.<\/p>\n<p>Outra op&ccedil;&atilde;o de fomento sugerida no Manifesto &eacute; a implementa&ccedil;&atilde;o de um programa de financiamento de experi&ecirc;ncias de m&iacute;dia livre a exemplo dos &ldquo;Pontos de Cultura&rdquo;, desenvolvido pelo Minist&eacute;rio da Cultura. Os &ldquo;pontos de m&iacute;dia&rdquo; seriam articulados &agrave;s demais experi&ecirc;ncias de produ&ccedil;&atilde;o de cultura e conhecimento e de inclus&atilde;o digital, recebendo recursos para implantar infra-estruturas tecnol&oacute;gicas p&uacute;blicas de <br \/>produ&ccedil;&atilde;o, circula&ccedil;&atilde;o e difus&atilde;o da m&iacute;dia livre.<\/p>\n<p>Para o escoamento destes conte&uacute;dos, o FML promete articular uma rede colaborativa de ve&iacute;culos e iniciativas de m&iacute;dia livre em torno de um portal que potencialize a visibilidade destas experi&ecirc;ncias e se constitua como refer&ecirc;ncia informativa para aqueles interessados em uma informa&ccedil;&atilde;o contra-hegem&ocirc;nica. O Manifesto tamb&eacute;m refor&ccedil;a a import&acirc;ncia dos ve&iacute;culos p&uacute;blicos, em especial aqueles mantidos pela Empresa Brasil de Comunica&ccedil;&atilde;o (EBC) de abrirem espa&ccedil;o para as produ&ccedil;&otilde;es &ldquo;midialivristas&rdquo;.<\/p>\n<p>&nbsp;<\/p>\n<p>O texto tamb&eacute;m destaca fortemente a relev&acirc;ncia da convoca&ccedil;&atilde;o da Confer&ecirc;ncia Nacional de Comunica&ccedil;&atilde;o, pauta que vem aglutinando os movimentos pela democratiza&ccedil;&atilde;o da comunica&ccedil;&atilde;o desde 2007 e que &eacute; vista como espa&ccedil;o privilegiado de debate p&uacute;blico sobre o cen&aacute;rio totalmente assim&eacute;trico da m&iacute;dia brasileira.<\/p>\n<p>&nbsp;<\/p>\n<p><strong>Pr&oacute;ximos passos<\/strong><\/p>\n<p>&nbsp;<\/p>\n<p>Nas pr&oacute;ximas semanas, representantes do FML devem entregar o Manifesto a autoridades do Executivo Federal, Congresso Nacional e Judici&aacute;rio. Uma audi&ecirc;ncia com o presidente Lula est&aacute; sendo buscada pelos coordenadores do F&ouml;rum, bem como com ministros e com os presidentes da C&acirc;mara e do Senado.<\/p>\n<p>&nbsp;<\/p>\n<p>Pr&oacute;ximo ao F&oacute;rum Social Mundial, que acontece em Bel&eacute;m em janeiro de 2009, ser&aacute; organizado um encontro para reunir experi&ecirc;ncias de m&iacute;dia livre de toda a Am&eacute;rica Latina. No segundo semestre do pr&oacute;ximo ano, um novo encontro do FML ser&aacute; organizado na cidade de Vit&oacute;ria (ES). <\/p>\n<p>&nbsp;<\/p>\n<p><strong>Iniciativa inovadora<\/strong><\/p>\n<p>&nbsp;<\/p>\n<p>O Manifesto traz uma articula&ccedil;&atilde;o que at&eacute; agora estava restrita aos participantes do FML para dar visibilidade a esta nova iniciativa no cen&aacute;rio das comunica&ccedil;&otilde;es. Para Ant&ocirc;nio Biondi, do Coletivo Intervozes, o F&oacute;rum de M&iacute;dia Livre &eacute; um espa&ccedil;o novo, que busca contribuir com as lutas hist&oacute;ricas do movimento pela democratiza&ccedil;&atilde;o, &ldquo;mas que tamb&eacute;m traz &nbsp;pautas pr&oacute;prias e id&eacute;ias novas e tem sua import&acirc;ncia como um espa&ccedil;o que re&uacute;ne uma grande diversidade de atores, entre ve&iacute;culos de m&iacute;dia, coletivos de comunica&ccedil;&atilde;o, universidade e entidades&rdquo;.<\/p>\n<p>Na avalia&ccedil;&atilde;o do professor Marcos Dantas, a riqueza do FML est&aacute; em ultrapassar os limites das organiza&ccedil;&otilde;es profissionais de jornalistas, hegem&ocirc;nicas no movimento de comunica&ccedil;&atilde;o. &ldquo;Estamos assistindo ao nascimento de um movimento que penetra por v&aacute;rios segmentos da sociedade. A sociedade come&ccedil;a a perceber que ela faz a m&iacute;dia, n&atilde;o apenas l&ecirc;&rdquo;, diz.<\/p>\n<p>Veja a &iacute;ntegra do Manifesto no endere&ccedil;o <a href=\"http:\/\/forumdemidialivre.blogspot.com\/2008\/10\/manifesto-da-mdia-livre.html\" target=\"_blank\">http:\/\/forumdemidialivre.blogspot.com\/2008\/10\/manifesto-da-mdia-livre.html<\/a><\/p>\n","protected":false},"excerpt":{"rendered":"<p>Entidades defendem democratiza\u00e7\u00e3o das verbas oficiais de publicidade como medida de fomento \u00e0 diversidade. Encontro de m\u00eddia livre da Am\u00e9rica Latina est\u00e1 previsto para o F\u00f3rum Social Mundial de 2009<\/p>\n","protected":false},"author":1,"featured_media":0,"comment_status":"open","ping_status":"open","sticky":false,"template":"","format":"standard","meta":{"footnotes":""},"categories":[40],"tags":[195],"_links":{"self":[{"href":"https:\/\/obscom.intervozes.org.br\/index.php?rest_route=\/wp\/v2\/posts\/22012"}],"collection":[{"href":"https:\/\/obscom.intervozes.org.br\/index.php?rest_route=\/wp\/v2\/posts"}],"about":[{"href":"https:\/\/obscom.intervozes.org.br\/index.php?rest_route=\/wp\/v2\/types\/post"}],"author":[{"embeddable":true,"href":"https:\/\/obscom.intervozes.org.br\/index.php?rest_route=\/wp\/v2\/users\/1"}],"replies":[{"embeddable":true,"href":"https:\/\/obscom.intervozes.org.br\/index.php?rest_route=%2Fwp%2Fv2%2Fcomments&post=22012"}],"version-history":[{"count":0,"href":"https:\/\/obscom.intervozes.org.br\/index.php?rest_route=\/wp\/v2\/posts\/22012\/revisions"}],"wp:attachment":[{"href":"https:\/\/obscom.intervozes.org.br\/index.php?rest_route=%2Fwp%2Fv2%2Fmedia&parent=22012"}],"wp:term":[{"taxonomy":"category","embeddable":true,"href":"https:\/\/obscom.intervozes.org.br\/index.php?rest_route=%2Fwp%2Fv2%2Fcategories&post=22012"},{"taxonomy":"post_tag","embeddable":true,"href":"https:\/\/obscom.intervozes.org.br\/index.php?rest_route=%2Fwp%2Fv2%2Ftags&post=22012"}],"curies":[{"name":"wp","href":"https:\/\/api.w.org\/{rel}","templated":true}]}}