{"id":22011,"date":"2008-10-24T12:29:52","date_gmt":"2008-10-24T12:29:52","guid":{"rendered":"https:\/\/obscom.intervozes.org.br\/wordpress\/?p=22011"},"modified":"2008-10-24T12:29:52","modified_gmt":"2008-10-24T12:29:52","slug":"parlamentares-e-campanha-pedem-providencias-ao-ministerio-publico-sobre-baixaria-na-tv","status":"publish","type":"post","link":"https:\/\/obscom.intervozes.org.br\/?p=22011","title":{"rendered":"Parlamentares e Campanha pedem provid\u00eancias ao Minist\u00e9rio P\u00fablico sobre baixaria na TV"},"content":{"rendered":"\n<p class=\"padrao\">Representantes das comiss&otilde;es de Direitos Humanos e Minorias (CDHM) e de Legisla&ccedil;&atilde;o Participativa (CLP) da C&acirc;mara dos Deputados estiveram reunidos nesta quinta-feira (23) com a Procuradora Federal dos Direitos do Cidad&atilde;o, Gilda Carvalho, para cobrar a&ccedil;&otilde;es do Minist&eacute;rio P&uacute;blico em rela&ccedil;&atilde;o a casos de abusos e baixarias cometidos por emissoras de televis&atilde;o.<\/p>\n<p class=\"padrao\">A comitiva, que tamb&eacute;m representava a Campanha &Eacute;tica na TV, apresentaram o Ranking da Baixaria, que divulga periodicamente os programas mais denunciados pela popula&ccedil;&atilde;o por meio de canais eletr&ocirc;nicos e telef&ocirc;nicos mantidos pela Campanha. Elss pediram tamb&eacute;m que a Procuradoria propusesse um Termo de Ajustamento de Conduta (TAC) &agrave; Rede TV para reduzir os desrespeitos &agrave; &eacute;tica e aos direitos humanos em atra&ccedil;&otilde;es como P&acirc;nico na TV, SuperPop e A Tarde &eacute; Sua.<\/p>\n<p class=\"padrao\">Este &uacute;ltimo, comandado por S&ocirc;nia Abra&atilde;o, foi um dos exemplos citados da segunda den&uacute;ncia feita pelos parlamentares: a interven&ccedil;&atilde;o indevida das emissoras de TV no sequestro das meninas Elo&aacute; e Taynara na cidade de Santo Andr&eacute; (SP). Segundo os representantes, as entrevistas com o sequestrador e os conselhos dados por diversos rep&oacute;rteres e apresentadores constitu&iacute;ram uma influ&ecirc;ncia decisiva ao desfecho do epis&oacute;dio. Neste sentido, solicitaram que o MP tomasse provid&ecirc;ncias punitivas em rela&ccedil;&atilde;o &agrave;s emissoras. Gilda Carvalho comprometeu-se a analisar os dois casos.<\/p>\n<p class=\"padrao\">Os representantes das comiss&otilde;es tamb&eacute;m pediram uma a&ccedil;&atilde;o da Procuradoria no sentido de reverter a permiss&atilde;o dada pelo Minist&eacute;rio da Justi&ccedil;a para que o adiantamento em uma hora de v&aacute;rios estados por conta do hor&aacute;rio de ver&atilde;o fosse desconsiderado para efeitos da classifica&ccedil;&atilde;o indicativa dos programas de TV. A procuradora afirmou que j&aacute; enviou expediente ao ministro Tarso Genro e est&aacute; esperando uma resposta, mas n&atilde;o revelou o conte&uacute;do.<\/p>\n","protected":false},"excerpt":{"rendered":"<p>Representantes das comiss&otilde;es de Direitos Humanos e Minorias (CDHM) e de Legisla&ccedil;&atilde;o Participativa (CLP) da C&acirc;mara dos Deputados estiveram reunidos nesta quinta-feira (23) com a Procuradora Federal dos Direitos do Cidad&atilde;o, Gilda Carvalho, para cobrar a&ccedil;&otilde;es do Minist&eacute;rio P&uacute;blico em rela&ccedil;&atilde;o a casos de abusos e baixarias cometidos por emissoras de televis&atilde;o. A comitiva, que &hellip; <a href=\"https:\/\/obscom.intervozes.org.br\/?p=22011\" class=\"more-link\">Continue lendo <span class=\"screen-reader-text\">Parlamentares e Campanha pedem provid\u00eancias ao Minist\u00e9rio P\u00fablico sobre baixaria na TV<\/span> <span class=\"meta-nav\">&rarr;<\/span><\/a><\/p>\n","protected":false},"author":1,"featured_media":0,"comment_status":"open","ping_status":"open","sticky":false,"template":"","format":"standard","meta":{"footnotes":""},"categories":[39],"tags":[],"_links":{"self":[{"href":"https:\/\/obscom.intervozes.org.br\/index.php?rest_route=\/wp\/v2\/posts\/22011"}],"collection":[{"href":"https:\/\/obscom.intervozes.org.br\/index.php?rest_route=\/wp\/v2\/posts"}],"about":[{"href":"https:\/\/obscom.intervozes.org.br\/index.php?rest_route=\/wp\/v2\/types\/post"}],"author":[{"embeddable":true,"href":"https:\/\/obscom.intervozes.org.br\/index.php?rest_route=\/wp\/v2\/users\/1"}],"replies":[{"embeddable":true,"href":"https:\/\/obscom.intervozes.org.br\/index.php?rest_route=%2Fwp%2Fv2%2Fcomments&post=22011"}],"version-history":[{"count":0,"href":"https:\/\/obscom.intervozes.org.br\/index.php?rest_route=\/wp\/v2\/posts\/22011\/revisions"}],"wp:attachment":[{"href":"https:\/\/obscom.intervozes.org.br\/index.php?rest_route=%2Fwp%2Fv2%2Fmedia&parent=22011"}],"wp:term":[{"taxonomy":"category","embeddable":true,"href":"https:\/\/obscom.intervozes.org.br\/index.php?rest_route=%2Fwp%2Fv2%2Fcategories&post=22011"},{"taxonomy":"post_tag","embeddable":true,"href":"https:\/\/obscom.intervozes.org.br\/index.php?rest_route=%2Fwp%2Fv2%2Ftags&post=22011"}],"curies":[{"name":"wp","href":"https:\/\/api.w.org\/{rel}","templated":true}]}}