{"id":22008,"date":"2008-10-23T17:32:25","date_gmt":"2008-10-23T17:32:25","guid":{"rendered":"https:\/\/obscom.intervozes.org.br\/wordpress\/?p=22008"},"modified":"2008-10-23T17:32:25","modified_gmt":"2008-10-23T17:32:25","slug":"bittar-fecha-acordo-com-partidos-para-levar-projeto-a-votacao","status":"publish","type":"post","link":"https:\/\/obscom.intervozes.org.br\/?p=22008","title":{"rendered":"Bittar fecha acordo com partidos para levar projeto \u00e0 vota\u00e7\u00e3o"},"content":{"rendered":"\n<p class=\"padrao\">O deputado Jorge Bittar (PT-RJ) informou, nesta quarta-feira (22), que fechou esta semana um acordo de vota&ccedil;&atilde;o entre os l&iacute;deres de partido na C&acirc;mara dos Deputados para a aprova&ccedil;&atilde;o em plen&aacute;rio do PL 29 &ndash; projeto de lei que trata da cadeia do audiovisual e d&aacute; direito de entrada das teles no mercado de TV por assinatura. O deputado considera que o fim do segundo turno das elei&ccedil;&otilde;es municipais pode garantir a tramita&ccedil;&atilde;o normal dos projetos no Congresso Nacional.<\/p>\n<p>&quot;At&eacute; ontem (ter&ccedil;a-feira), estive reunido com os deputados para definir os detalhes do substitutivo. Agora, temos condi&ccedil;&otilde;es de entrar com o requerimento de urg&ecirc;ncia para garantir a vota&ccedil;&atilde;o imediata no plen&aacute;rio a partir da pr&oacute;xima semana&quot;, disse Bittar. Segundo ele, entre os deputados federais que tiveram um papel atuante nas negocia&ccedil;&otilde;es foram: Julio Semeghini (PSDB-SP), Bilac Pinto (PL-MG), Paulo Roberto (PTB-RS), Paulo Lustosa (PMDB-CE) e Walter Pinheiro (PT-BA). <\/p>\n<p>De acordo com Bittar, o avan&ccedil;o nas negocia&ccedil;&otilde;es foi poss&iacute;vel gra&ccedil;as &agrave;s mudan&ccedil;as de dois pontos pol&ecirc;micos que est&atilde;o no substitutivo elaborado na Comiss&atilde;o de Ci&ecirc;ncia e Tecnologia (CCT). O primeiro trata da prote&ccedil;&atilde;o do conte&uacute;do nacional. O novo texto estabelece o espa&ccedil;o m&iacute;nimo que cada programador deve cumprir, estabelecendo a cota de, no m&iacute;nimo, dois fornecedores de conte&uacute;do nacional. <\/p>\n<p>O segundo item alterado nas negocia&ccedil;&otilde;es foi o limite de publicidade veiculada na TV por assinatura. A limita&ccedil;&otilde;es deixaram de ser de 10% em rela&ccedil;&atilde;o &agrave; m&eacute;dia total e 15% em cada hora. Com as mudan&ccedil;as, passam a ser id&ecirc;nticas ao que &eacute; exigido para a radiodifus&atilde;o aberta: 25% de toda a programa&ccedil;&atilde;o e 30% por cada hora, independente se for em hor&aacute;rio de maior audi&ecirc;ncia. <\/p>\n<p>&quot;Apesar de no fim ter se configurado uma reda&ccedil;&atilde;o com pontos muito mais liberais, ela passa a atender o que os l&iacute;deres dos partidos julgaram importante para fechar um acordo. Al&eacute;m disso, o mercado continua com a garantia de poder exercer a auto-regula&ccedil;&atilde;o&quot;, afirmou Jorge Bittar. <\/p>\n<p>Ao ser questionado sobre novas emendas ao PL 29, que atualmente est&aacute; na Comiss&atilde;o de Defesa do Consumidor (CDC), Bittar ressaltou que todas as sugest&otilde;es apresentadas pelos membros da comiss&atilde;o sobre o projeto original j&aacute; haviam sido acolhidas na CCT &ndash; quando ainda era relator da mat&eacute;ria. &quot;Com as emendas apresentadas, ficou claro que o objetivo de mudar a tramita&ccedil;&atilde;o do projeto e lev&aacute;-lo para a Comiss&atilde;o de Defesa do Consumidor foi uma manobra protelat&oacute;ria dos parlamentares que n&atilde;o quiseram participar do debate. Nenhuma manifesta&ccedil;&atilde;o buscou estabelecer garantias reais de defesa dos direitos dos consumidores&quot;, afirmou o deputado.<\/p>\n<p class=\"padrao\">&nbsp;<\/p>\n","protected":false},"excerpt":{"rendered":"<p>O deputado Jorge Bittar (PT-RJ) informou, nesta quarta-feira (22), que fechou esta semana um acordo de vota&ccedil;&atilde;o entre os l&iacute;deres de partido na C&acirc;mara dos Deputados para a aprova&ccedil;&atilde;o em plen&aacute;rio do PL 29 &ndash; projeto de lei que trata da cadeia do audiovisual e d&aacute; direito de entrada das teles no mercado de TV &hellip; <a href=\"https:\/\/obscom.intervozes.org.br\/?p=22008\" class=\"more-link\">Continue lendo <span class=\"screen-reader-text\">Bittar fecha acordo com partidos para levar projeto \u00e0 vota\u00e7\u00e3o<\/span> <span class=\"meta-nav\">&rarr;<\/span><\/a><\/p>\n","protected":false},"author":1,"featured_media":0,"comment_status":"open","ping_status":"open","sticky":false,"template":"","format":"standard","meta":{"footnotes":""},"categories":[40],"tags":[556],"_links":{"self":[{"href":"https:\/\/obscom.intervozes.org.br\/index.php?rest_route=\/wp\/v2\/posts\/22008"}],"collection":[{"href":"https:\/\/obscom.intervozes.org.br\/index.php?rest_route=\/wp\/v2\/posts"}],"about":[{"href":"https:\/\/obscom.intervozes.org.br\/index.php?rest_route=\/wp\/v2\/types\/post"}],"author":[{"embeddable":true,"href":"https:\/\/obscom.intervozes.org.br\/index.php?rest_route=\/wp\/v2\/users\/1"}],"replies":[{"embeddable":true,"href":"https:\/\/obscom.intervozes.org.br\/index.php?rest_route=%2Fwp%2Fv2%2Fcomments&post=22008"}],"version-history":[{"count":0,"href":"https:\/\/obscom.intervozes.org.br\/index.php?rest_route=\/wp\/v2\/posts\/22008\/revisions"}],"wp:attachment":[{"href":"https:\/\/obscom.intervozes.org.br\/index.php?rest_route=%2Fwp%2Fv2%2Fmedia&parent=22008"}],"wp:term":[{"taxonomy":"category","embeddable":true,"href":"https:\/\/obscom.intervozes.org.br\/index.php?rest_route=%2Fwp%2Fv2%2Fcategories&post=22008"},{"taxonomy":"post_tag","embeddable":true,"href":"https:\/\/obscom.intervozes.org.br\/index.php?rest_route=%2Fwp%2Fv2%2Ftags&post=22008"}],"curies":[{"name":"wp","href":"https:\/\/api.w.org\/{rel}","templated":true}]}}