{"id":22007,"date":"2008-10-23T12:32:48","date_gmt":"2008-10-23T12:32:48","guid":{"rendered":"https:\/\/obscom.intervozes.org.br\/wordpress\/?p=22007"},"modified":"2008-10-23T12:32:48","modified_gmt":"2008-10-23T12:32:48","slug":"governo-frances-empreende-polemica-reforma-da-televisao-publica","status":"publish","type":"post","link":"https:\/\/obscom.intervozes.org.br\/?p=22007","title":{"rendered":"Governo franc\u00eas empreende pol\u00eamica reforma da televis\u00e3o p\u00fablica"},"content":{"rendered":"<p><u><strong>Reproduzido da AFP, de Nova Iorque<\/strong><\/u>&nbsp;<\/p>\n<p><span class=\"padrao\">PARIS (AFP) &mdash; O governo franc&ecirc;s aprovou nesta quarta-feira um projeto de lei que modifica o funcionamento da televis&atilde;o p&uacute;blica, uma iniciativa que, segundo a oposi&ccedil;&atilde;o, p&otilde;e de manifesto a vontade do presidente Nicolas Sarkozy de controlar esse meio de comunica&ccedil;&atilde;o. <br \/> O projeto inclui a supress&atilde;o da publicidade e modifica o sistema de nomea&ccedil;&atilde;o de sua diretoria. <\/p>\n<p> Desde que foi anunciada h&aacute; um ano por Sarkozy, esta reforma motivou uma pol&ecirc;mica sobre o financiamento e a independ&ecirc;ncia da televis&atilde;o p&uacute;blica. Para explicar a medida, Sarkozy havia invocado a &quot;qualidade do servi&ccedil;o p&uacute;blico&quot; que &quot;n&atilde;o pode funcionar segundo crit&eacute;rios puramente mercantilistas&quot;. O projeto, que prev&ecirc; a supress&atilde;o da publicidade da televis&atilde;o p&uacute;blica por etapas, entre 2009 e 2011, foi anunciado hoje pela ministra francesa da Cultura e Comunica&ccedil;&atilde;o, Christine Albanel. <\/p>\n<p> Para compensar a receita que a sociedade France Television deixar&aacute; de receber, o governo garantiu 450 milh&otilde;es de euros, obtidos de um imposto de 3% sobre os lucros com publicidade dos canais privados e de 0,9% sobre o volume de neg&oacute;cio dos operadores de telecomunica&ccedil;&otilde;es. <br \/> Al&eacute;m disso, o imposto audiovisual de 116 euros anuais pagos na Fran&ccedil;a pelos contribuintes aumentar&aacute; de acordo com a alta da infla&ccedil;&atilde;o. <br \/> Para a oposi&ccedil;&atilde;o, trata-se de um &quot;presente&quot; que Sarkozy d&aacute; &agrave;s redes privadas e a um de seus amigos, o empres&aacute;rio Martin Bouygues, dono de uma das grandes multinacionais da constru&ccedil;&atilde;o e propriet&aacute;rio da principal rede privada, TF1. <\/p>\n<p> Os canais TF1 e M6 v&atilde;o recuperar a publicidade obtida antes pela televis&atilde;o p&uacute;blica, aumentando assim, de maneira substancial, suas receitas, apesar do imposto suplementar de 3%, segundo a oposi&ccedil;&atilde;o. A reforma tamb&eacute;m estabelece a integra&ccedil;&atilde;o dos cinco canais da France Televisi&oacute;n em uma sociedade &uacute;nica. <\/span><\/p>\n","protected":false},"excerpt":{"rendered":"<p>Reproduzido da AFP, de Nova Iorque&nbsp; PARIS (AFP) &mdash; O governo franc&ecirc;s aprovou nesta quarta-feira um projeto de lei que modifica o funcionamento da televis&atilde;o p&uacute;blica, uma iniciativa que, segundo a oposi&ccedil;&atilde;o, p&otilde;e de manifesto a vontade do presidente Nicolas Sarkozy de controlar esse meio de comunica&ccedil;&atilde;o. O projeto inclui a supress&atilde;o da publicidade e &hellip; <a href=\"https:\/\/obscom.intervozes.org.br\/?p=22007\" class=\"more-link\">Continue lendo <span class=\"screen-reader-text\">Governo franc\u00eas empreende pol\u00eamica reforma da televis\u00e3o p\u00fablica<\/span> <span class=\"meta-nav\">&rarr;<\/span><\/a><\/p>\n","protected":false},"author":1,"featured_media":0,"comment_status":"open","ping_status":"open","sticky":false,"template":"","format":"standard","meta":{"footnotes":""},"categories":[39],"tags":[],"_links":{"self":[{"href":"https:\/\/obscom.intervozes.org.br\/index.php?rest_route=\/wp\/v2\/posts\/22007"}],"collection":[{"href":"https:\/\/obscom.intervozes.org.br\/index.php?rest_route=\/wp\/v2\/posts"}],"about":[{"href":"https:\/\/obscom.intervozes.org.br\/index.php?rest_route=\/wp\/v2\/types\/post"}],"author":[{"embeddable":true,"href":"https:\/\/obscom.intervozes.org.br\/index.php?rest_route=\/wp\/v2\/users\/1"}],"replies":[{"embeddable":true,"href":"https:\/\/obscom.intervozes.org.br\/index.php?rest_route=%2Fwp%2Fv2%2Fcomments&post=22007"}],"version-history":[{"count":0,"href":"https:\/\/obscom.intervozes.org.br\/index.php?rest_route=\/wp\/v2\/posts\/22007\/revisions"}],"wp:attachment":[{"href":"https:\/\/obscom.intervozes.org.br\/index.php?rest_route=%2Fwp%2Fv2%2Fmedia&parent=22007"}],"wp:term":[{"taxonomy":"category","embeddable":true,"href":"https:\/\/obscom.intervozes.org.br\/index.php?rest_route=%2Fwp%2Fv2%2Fcategories&post=22007"},{"taxonomy":"post_tag","embeddable":true,"href":"https:\/\/obscom.intervozes.org.br\/index.php?rest_route=%2Fwp%2Fv2%2Ftags&post=22007"}],"curies":[{"name":"wp","href":"https:\/\/api.w.org\/{rel}","templated":true}]}}