{"id":22006,"date":"2008-10-23T12:04:17","date_gmt":"2008-10-23T12:04:17","guid":{"rendered":"https:\/\/obscom.intervozes.org.br\/wordpress\/?p=22006"},"modified":"2008-10-23T12:04:17","modified_gmt":"2008-10-23T12:04:17","slug":"entidades-discutem-globo-brasilia-em-audiencia-no-df","status":"publish","type":"post","link":"https:\/\/obscom.intervozes.org.br\/?p=22006","title":{"rendered":"Entidades discutem Globo Bras\u00edlia em audi\u00eancia no DF"},"content":{"rendered":"<p>Pela primeira vez na curta hist&oacute;ria de Bras&iacute;lia, organiza&ccedil;&otilde;es da sociedade civil se reuniram para fazer uma avalia&ccedil;&atilde;o de um canal de TV durante o processo de sua renova&ccedil;&atilde;o. O alvo foi a TV Globo Bras&iacute;lia, que juntamente com as outras emissoras da rede e demais televis&otilde;es ligadas &agrave; Record e &agrave; Bandeirantes em outros estados teve sua outorga vencida em 2007 e agora passa por exame no Executivo e no Legislativo para aprova&ccedil;&atilde;o da continuidade de suas atividades por mais 15 anos.<\/p>\n<p>A audi&ecirc;ncia, convocada pela deputada &Eacute;rika Kokay (PT), foi realizada na &uacute;ltima sexta-feira (17) na C&acirc;mara Legislativa do Distrito Federal (CLDF) e reuniu parlamentares, pesquisadores, cidad&atilde;os e organiza&ccedil;&otilde;es da sociedade civil para avaliar o servi&ccedil;o prestado pela TV Globo na cidade. O evento tamb&eacute;m discutiu a situa&ccedil;&atilde;o da m&iacute;dia brasileira e a import&acirc;ncia da convoca&ccedil;&atilde;o da Confer&ecirc;ncia Nacional de Comunica&ccedil;&atilde;o como um espa&ccedil;o amplo e democr&aacute;tico de debate e elabora&ccedil;&atilde;o participativa de diretrizes para as pol&iacute;ticas da &aacute;rea. <\/p>\n<p>Os participantes apontaram duas cr&iacute;ticas fundamentais sobre a atua&ccedil;&atilde;o do canal. A primeira est&aacute; relacionada ao desequil&iacute;brio de sua cobertura em favor dos setores conservadores do DF, criminalizando ou simplesmente omitindo a posi&ccedil;&atilde;o dos movimentos sociais e organiza&ccedil;&otilde;es populares a respeito das grandes pautas do Distrito Federal. <\/p>\n<p>&ldquo;A Rede Globo atua sistematicamente para criminalizar o Movimento Sem Terra e os outros movimentos sociais&rdquo;, destacou Janderson Barros, da dire&ccedil;&atilde;o estadual do MST. &quot;A TV Globo Bras&iacute;lia n&atilde;o d&aacute; espa&ccedil;o ao contradit&oacute;rio. Na paralisa&ccedil;&atilde;o dos professores que fizemos recentemente, fomos massacrados pela m&iacute;dia sem espa&ccedil;o adequado para dar nossa vers&atilde;o&rdquo;, acrescentou Rejane Pitanga, presidente da Central &Uacute;nica dos Trabalhadores do DF (CUT-DF).<\/p>\n<p>Jandira Queiroz, da Liga Brasileira de L&eacute;sbicas (LBL), citou fatos importantes, como a Parada GLBT de Bras&iacute;lia e a parada L&eacute;sbica de Taguatinga, que simplesmente foram ignorados pela emissora. Mesmo acontecimentos de dimens&atilde;o nacional, como o ato em rep&uacute;dio &agrave; viol&ecirc;ncia contra LGBTs realizado durante a confer&ecirc;ncia nacional sobre as pol&iacute;ticas para este segmento em junho em Bras&iacute;lia, quando envolvem lutas de grupos minorizados s&atilde;o omitidos da cobertura desta TV.<\/p>\n<p>Jonas Valente, do Coletivo Intervozes, destacou o cumprimento altamente insuficiente das obriga&ccedil;&otilde;es constitucionais e legais a que est&atilde;o submetidas as concess&otilde;es de r&aacute;dio e TV. &ldquo;Mesmo o canal de TV sendo uma emissora diretamente controlada pelas Organiza&ccedil;&otilde;es Globo, nada justifica que n&atilde;o d&ecirc; espa&ccedil;o para produ&ccedil;&atilde;o independente e regional&rdquo;, criticou. Hoje, o &uacute;nico conte&uacute;do local veiculado s&atilde;o as vers&otilde;es distritais dos telejornais, n&atilde;o havendo qualquer programa dramat&uacute;rgico produzido na regi&atilde;o.<\/p>\n<p>Como a emissora acaba funcionando apenas como uma retransmissora das cabe&ccedil;as da rede, as TVs Globo Rio de Janeiro e S&atilde;o Paulo, Valente acabou estendendo sua cr&iacute;tica &agrave; a&ccedil;&atilde;o delas. Questionou o excesso de entretenimento e a baixa incid&ecirc;ncia de conte&uacute;dos identificados como preferenciais na Constitui&ccedil;&atilde;o: educativos, art&iacute;sticos, culturais e jornal&iacute;sticos. &ldquo;A Globo cumpre a cota legal de jornalismo e de educativos, mas no caso destes &uacute;ltimos eles est&atilde;o postos em hor&aacute;rios totalmente desprestigiados na grade. Al&eacute;m disso, apesar de se dizer a grande defensora do conte&uacute;do nacional, a Globo n&atilde;o mant&eacute;m programa&ccedil;&atilde;o sobre a cultura e as artes do pa&iacute;s&rdquo;, afirmou. Contestou a veicula&ccedil;&atilde;o de merchandising, pr&aacute;tica proibida pelo C&oacute;digo de Defesa do Consumidor. <\/p>\n<p>Br&aacute;ulio Ribeiro, do Coletivo Intervozes, defendeu que em havendo a renova&ccedil;&atilde;o ela deveria se dar em novas bases. E apresentou uma lista de compromissos que deveriam figurar como obriga&ccedil;&atilde;o para a TV Globo Bras&iacute;lia no per&iacute;odo de sua pr&oacute;xima outorga. &ldquo;Cria&ccedil;&atilde;o de ouvidoria na TV com independ&ecirc;ncia pol&iacute;tica; garantia de percentual m&iacute;nimo de produ&ccedil;&atilde;o independente e realizada no DF; implanta&ccedil;&atilde;o de programa de debate local com participa&ccedil;&atilde;o plural em hor&aacute;rio nobre; e exibi&ccedil;&atilde;o de curtas e longas filmados no Distrito Federal.&rdquo; <\/p>\n<p><strong>Mudan&ccedil;a no sistema de concess&otilde;es<\/p>\n<p><\/strong>Os participantes da audi&ecirc;ncia destacaram ser imposs&iacute;vel uma mudan&ccedil;a de fato das emissoras se n&atilde;o houver uma reformar radical no sistema de concess&otilde;es de R&aacute;dio e TV. &ldquo;O Estado estabelece concess&otilde;es mas n&atilde;o cobra contrapartidas nem fiscaliza o que uma emissora fez durante o tempo de sua outorga&rdquo;, criticou o professor da Faculdade de Comunica&ccedil;&atilde;o da Universidade de Bras&iacute;lia Luiz Martins. <\/p>\n<p>Segundo Jonas Valente, al&eacute;m da fiscaliza&ccedil;&atilde;o das obriga&ccedil;&otilde;es j&aacute; constantes na legisla&ccedil;&atilde;o &#8211; como proibi&ccedil;&atilde;o do oligop&oacute;lio, promo&ccedil;&atilde;o da programa&ccedil;&atilde;o regional e independente e respeito aos limites m&iacute;nimos de tempo de 5% de jornalismo e m&aacute;ximos de 25% de publicidade -, &eacute; necess&aacute;rio estabelecer crit&eacute;rios democr&aacute;ticos e que envolvam a sociedade no processo de outorga e renova&ccedil;&atilde;o como forma de combater a l&oacute;gica de renova&ccedil;&atilde;o autom&aacute;tica que existe hoje. <\/p>\n<p>Para resolver o problema, foram apresentadas v&aacute;rias sugest&otilde;es de mudan&ccedil;as. O professor Luiz Martins defendeu a cria&ccedil;&atilde;o de um organismo que funcione como uma esp&eacute;cie de ouvidoria p&uacute;blica que possa receber cr&iacute;ticas, den&uacute;ncias e sugest&otilde;es da popula&ccedil;&atilde;o. Jonas Valente apontou a necessidade de regulamentar os preceitos constitucionais que limitam a propriedade e estabelecem diretrizes quando &agrave; programa&ccedil;&atilde;o, bem como de revogar o dispositivo legal que permite um concession&aacute;rio manter-se no ar mesmo que sua outorga esteja vencida.<\/p>\n<p>Leovane Greg&oacute;rio, do Conselho Regional de Psicologia (CRP), afirmou que &eacute; fundamental regulamentar o artigo 54 da Constitui&ccedil;&atilde;o Federal com vistas &agrave; proibi&ccedil;&atilde;o de fato da presen&ccedil;a de pol&iacute;ticos na propriedade de meios de comunica&ccedil;&atilde;o. Br&aacute;ulio Ribeiro, do Coletivo Intervozes, colocou a import&acirc;ncia de que audi&ecirc;ncias p&uacute;blicas como aquela fossem obrigat&oacute;rias para que a popula&ccedil;&atilde;o tivesse o direito de opinar quando houver a renova&ccedil;&atilde;o de um canal em sua cidade.<\/p>\n<p><strong>Contribui&ccedil;&atilde;o ao processo no Congresso<\/strong><\/p>\n<p>Ao final, a deputada &Eacute;rika Kokay afirmou que ir&aacute; remeter o relat&oacute;rio da audi&ecirc;ncia para as comiss&otilde;es de Ci&ecirc;ncia, Tecnologia, Comunica&ccedil;&atilde;o e Inform&aacute;tica (CCTCI) e de Legisla&ccedil;&atilde;o Participativa (CLP) da C&acirc;mara dos Deputados, que ir&atilde;o realizar audi&ecirc;ncias sobre a renova&ccedil;&atilde;o das concess&otilde;es de R&aacute;dio e TV vencidas em 2007. As posi&ccedil;&otilde;es apresentadas tamb&eacute;m ser&atilde;o enviadas ao relator da renova&ccedil;&atilde;o da TV Globo Bras&iacute;lia, deputado Jorge Bittar (PT-RJ).<\/p>\n<p>A parlamentar tamb&eacute;m destacou a necessidade de tornar aquele tipo de debate algo permanente na C&acirc;mara Legislativa do Distrito Federal (CLDF) e avisou que ir&aacute; convocar um semin&aacute;rio em breve para discutir a democratiza&ccedil;&atilde;o da comunica&ccedil;&atilde;o e a m&iacute;dia no DF. Por &uacute;ltimo, disse que ir&aacute; propor &agrave; CLDF a aprova&ccedil;&atilde;o de uma mo&ccedil;&atilde;o em defesa da Confer&ecirc;ncia Nacional de Comunica&ccedil;&atilde;o.  <\/p>\n","protected":false},"excerpt":{"rendered":"<p>Para entidades, Globo Bras\u00edlia criminaliza os movimentos sociais e n\u00e3o abre espa\u00e7o para produ\u00e7\u00e3o independente e realizada na cidade. Relat\u00f3rio ser\u00e1 enviado para a C\u00e2mara dos Deputados.<\/p>\n","protected":false},"author":1,"featured_media":0,"comment_status":"open","ping_status":"open","sticky":false,"template":"","format":"standard","meta":{"footnotes":""},"categories":[40],"tags":[106],"_links":{"self":[{"href":"https:\/\/obscom.intervozes.org.br\/index.php?rest_route=\/wp\/v2\/posts\/22006"}],"collection":[{"href":"https:\/\/obscom.intervozes.org.br\/index.php?rest_route=\/wp\/v2\/posts"}],"about":[{"href":"https:\/\/obscom.intervozes.org.br\/index.php?rest_route=\/wp\/v2\/types\/post"}],"author":[{"embeddable":true,"href":"https:\/\/obscom.intervozes.org.br\/index.php?rest_route=\/wp\/v2\/users\/1"}],"replies":[{"embeddable":true,"href":"https:\/\/obscom.intervozes.org.br\/index.php?rest_route=%2Fwp%2Fv2%2Fcomments&post=22006"}],"version-history":[{"count":0,"href":"https:\/\/obscom.intervozes.org.br\/index.php?rest_route=\/wp\/v2\/posts\/22006\/revisions"}],"wp:attachment":[{"href":"https:\/\/obscom.intervozes.org.br\/index.php?rest_route=%2Fwp%2Fv2%2Fmedia&parent=22006"}],"wp:term":[{"taxonomy":"category","embeddable":true,"href":"https:\/\/obscom.intervozes.org.br\/index.php?rest_route=%2Fwp%2Fv2%2Fcategories&post=22006"},{"taxonomy":"post_tag","embeddable":true,"href":"https:\/\/obscom.intervozes.org.br\/index.php?rest_route=%2Fwp%2Fv2%2Ftags&post=22006"}],"curies":[{"name":"wp","href":"https:\/\/api.w.org\/{rel}","templated":true}]}}