{"id":22003,"date":"2008-10-22T00:15:07","date_gmt":"2008-10-22T00:15:07","guid":{"rendered":"https:\/\/obscom.intervozes.org.br\/wordpress\/?p=22003"},"modified":"2008-10-22T00:15:07","modified_gmt":"2008-10-22T00:15:07","slug":"conferencia-discute-midia-cidada-no-recife","status":"publish","type":"post","link":"https:\/\/obscom.intervozes.org.br\/?p=22003","title":{"rendered":"Confer\u00eancia discute m\u00eddia cidad\u00e3 no Recife"},"content":{"rendered":"\n<p class=\"padrao\">De 16 a 18 de outubro, a Universidade Federal de Pernambuco (UFPE) foi sede da IV Confer&ecirc;ncia Brasileira de M&iacute;dia Cidad&atilde;. O evento reuniu mais de 300 pessoas no campus do Recife da Universidade, tendo sido realizado pela primeira vez fora de S&atilde;o Paulo. Promovida pela C&aacute;tedra Unesco de Comunica&ccedil;&atilde;o para o Desenvolvimento Regional, a Confer&ecirc;ncia foi organizada este ano pelo Observat&oacute;rio de M&iacute;dia Regional da UFPE com o apoio de v&aacute;rias organiza&ccedil;&otilde;es sociais e de outras faculdades. <\/p>\n<p>O evento marcou a Semana Nacional pela Democratiza&ccedil;&atilde;o da Comunica&ccedil;&atilde;o na capital pernambucana. Como em outros estados, o M&iacute;dia Cidad&atilde; fez tamb&eacute;m a sua atividade pela convoca&ccedil;&atilde;o imediata da Confer&ecirc;ncia Nacional de Comunica&ccedil;&atilde;o. Em um ato p&uacute;blico, que contou com a participa&ccedil;&atilde;o do Deputado Federal Paulo Rubem Santiago (PDT-PE), os participantes da M&iacute;dia Cidad&atilde; produziram uma grande tela grafitada com o pedido de convoca&ccedil;&atilde;o assinado por v&aacute;rias entidades presentes no evento. <\/p>\n<p>De acordo com Edgard Rebou&ccedil;as, Coordenador do Observat&oacute;rio da M&iacute;dia Regional e organizador do evento, esta tela ser&aacute; encaminhada ao Minist&eacute;rio das Comunica&ccedil;&otilde;es como forma de reiterar o clamor pela realiza&ccedil;&atilde;o da Confer&ecirc;ncia Nacional de Comunica&ccedil;&atilde;o e de sensibilizar o Ministro H&eacute;lio Costa para a convoca&ccedil;&atilde;o imediata deste processo.<\/p>\n<p><strong>Experi&ecirc;ncias alternativas <\/p>\n<p><\/strong>A Confer&ecirc;ncia de M&iacute;dia Cidad&atilde; este ano teve como objetivo promover o di&aacute;logo entre movimentos sociais, o Estado, o mercado e a academia sobre as diferentes experi&ecirc;ncias de m&iacute;dia relacionadas &agrave; promo&ccedil;&atilde;o da cidadania, que podem ser entendidas como uma forma de comunica&ccedil;&atilde;o comprometida com as quest&otilde;es sociais e com a promo&ccedil;&atilde;o do direito &agrave; comunica&ccedil;&atilde;o e dos demais direitos humanos. <\/p>\n<p>Para discutir o tema, a Confer&ecirc;ncia contou com presen&ccedil;as de importantes refer&ecirc;ncias nos estudos cr&iacute;ticos da comunica&ccedil;&atilde;o, como o professor belga radicado na Fran&ccedil;a Armand Mattelart, a professora Mich&egrave;lle Mattelart e o ativista americano John Downing, autor do livro M&iacute;dia Radical, famoso entre os militantes da causa. <\/p>\n<p>A principal t&ocirc;nica dos trabalhos e relatos de experi&ecirc;ncias apresentados durante o encontro foi a constru&ccedil;&atilde;o de processos midi&aacute;ticos que podem ser considerados alternativos &agrave;s produ&ccedil;&otilde;es tradicionais. Para Edgard Rebou&ccedil;as, o M&iacute;dia Cidad&atilde; pode sim ser considerado um sucesso, pois conseguiu nos seus tr&ecirc;s dias cumprir seus principais objetivos. <\/p>\n<p>&ldquo;Tivemos aqui a conviv&ecirc;ncia de trabalhos acad&ecirc;micos com produ&ccedil;&otilde;es populares, alternativas e independentes. Esta foi a grande riqueza do encontro. Tivemos tr&ecirc;s dias de intensa troca de experi&ecirc;ncias, todo mundo aqui saiu sabendo mais um pouco mais sobre uma nova experi&ecirc;ncia e fazendo contato com uma nova pessoa ou entidade&rdquo;, avalia Rebou&ccedil;as. <\/p>\n<p><strong>Feira de m&iacute;dia cidad&atilde; <\/p>\n<p><\/strong>Estas experi&ecirc;ncias foram reunidas em uma Feira da M&iacute;dia Cidad&atilde;, que exp&ocirc;s pela primeira vez iniciativas e projetos de comunica&ccedil;&atilde;o desenvolvidos por organiza&ccedil;&otilde;es sociais, comunidades, estudantes, professores e profissionais envolvidos com diferentes formas democr&aacute;ticas de comunica&ccedil;&atilde;o.<\/p>\n<p>&ldquo;A feira surgiu da necessidade inicial de apresentar os trabalhos de m&iacute;dia cidad&atilde; desenvolvidos no estado de Pernambuco para os demais participantes da Confer&ecirc;ncia e acabou sendo um importante espa&ccedil;o de experimenta&ccedil;&atilde;o e de quebra do modelo &uacute;nico de apresenta&ccedil;&atilde;o formal de trabalhos cient&iacute;ficos em grupos de discuss&atilde;o&rdquo;, diz Patr&iacute;cia Cunha, do Observat&oacute;rio de M&iacute;dia Regional. <\/p>\n<p>Nas barracas montadas no hall do Centro de Artes e Comunica&ccedil;&atilde;o da Universidade Federal de Pernambuco durante dois dias, forama apresentadas diferentes experi&ecirc;ncias na forma de v&iacute;deos, fotos, cartilhas, grafites, livros, m&uacute;sicas e conversas. Al&eacute;m dos participantes da Confer&ecirc;ncia, a feira envolveu tamb&eacute;m estudantes de outros cursos que puderam conhecer diferentes maneiras da produ&ccedil;&atilde;o midi&aacute;tica. Experi&ecirc;ncias como as da Escola Kabum, do Ventilador Cultural, do Coletivo Gambiarra, do Blog Boivoador, do Coletivo Intervozes, do Conselho Federal de Psicologia e de projetos de extens&atilde;o da UFPE deram um pequeno panorama do mundo da m&iacute;dia cidad&atilde;. <\/p>\n<p class=\"padrao\">Estudantes da UFPE apresentaram na feira o projeto de extens&atilde;o Coque Vive, que interv&eacute;m na comunidade do Coque, uma das mais pobres e mais violentas do Recife. O projeto, coordenado pela professora Yvana Fechine, existe h&aacute; dois anos e &eacute; uma parceria da Universidade com o N&uacute;cleo de Educa&ccedil;&atilde;o Irm&atilde;os Menores Francisco de Assis. <\/p>\n<p>A iniciativa surgiu com a inten&ccedil;&atilde;o de dar cursos de leitura cr&iacute;tica da m&iacute;dia a partir das demandas apresentadas pelos jovens. Como resultado, foram oferecidas oficinas de fotografia, v&iacute;deo, r&aacute;dio, fanzine e produ&ccedil;&atilde;o de blogs. Rafaela Vasconcellos, 23, monitora do projeto e estudante do oitavo per&iacute;odo de jornalismo, diz que para ela o Coque deixou de ser um lugar que ela via quando passava pelo viaduto Joana Bezerra para ser os meninos e as meninas do projeto. <\/p>\n<p>Os resultados s&atilde;o sentidos sobretudo por estes jovens, que passaram a ter uma outra rela&ccedil;&atilde;o com a comunica&ccedil;&atilde;o e com a Universidade. Monique Fran&ccedil;a, 18 anos, moradora da regi&atilde;o, diz ter tido seu primeiro contato com a UFPE por meio do projeto Coque Vive e hoje &eacute; estudante do segundo per&iacute;odo de turismo da institui&ccedil;&atilde;o. <\/p>\n<p>&ldquo;Antes a Universidade era uma coisa distante da gente. A maioria das pessoas na favela acha que nunca v&atilde;o crescer na vida, que n&atilde;o v&atilde;o entrar na universidade. Eu acho que enquanto voc&ecirc; se v&ecirc; como um marginal, nunca vai mudar a forma como as pessoas v&ecirc;em voc&ecirc;. Eu hoje estou aqui e quero ser uma monitora tamb&eacute;m do projeto, quero sempre poder contribuir com uma iniciativa que foi muito importante na minha vida&rdquo;, diz a jovem. <\/p>\n<p>Todo o encontro foi registrado por estudantes de diferentes escolas de comunica&ccedil;&atilde;o do Recife. As mat&eacute;rias, fotos e coment&aacute;rios est&atilde;o dispon&iacute;veis no blog da M&iacute;dia Cidad&atilde; que pode ser acessado no endere&ccedil;o <a href=\"http:\/\/www.midiacidada2008.blogspot.com\/\">http:\/\/www.midiacidada2008.blogspot.com\/<\/a>. <\/p>\n","protected":false},"excerpt":{"rendered":"<p>Evento discute experi\u00eancias alternativas de m\u00eddia; ato produziu grande cartaz em pano grafitado pedindo convoca\u00e7\u00e3o imediata da Confer\u00eancia Nacional de Comunica\u00e7\u00e3o.<\/p>\n","protected":false},"author":1,"featured_media":0,"comment_status":"open","ping_status":"open","sticky":false,"template":"","format":"standard","meta":{"footnotes":""},"categories":[40],"tags":[894],"_links":{"self":[{"href":"https:\/\/obscom.intervozes.org.br\/index.php?rest_route=\/wp\/v2\/posts\/22003"}],"collection":[{"href":"https:\/\/obscom.intervozes.org.br\/index.php?rest_route=\/wp\/v2\/posts"}],"about":[{"href":"https:\/\/obscom.intervozes.org.br\/index.php?rest_route=\/wp\/v2\/types\/post"}],"author":[{"embeddable":true,"href":"https:\/\/obscom.intervozes.org.br\/index.php?rest_route=\/wp\/v2\/users\/1"}],"replies":[{"embeddable":true,"href":"https:\/\/obscom.intervozes.org.br\/index.php?rest_route=%2Fwp%2Fv2%2Fcomments&post=22003"}],"version-history":[{"count":0,"href":"https:\/\/obscom.intervozes.org.br\/index.php?rest_route=\/wp\/v2\/posts\/22003\/revisions"}],"wp:attachment":[{"href":"https:\/\/obscom.intervozes.org.br\/index.php?rest_route=%2Fwp%2Fv2%2Fmedia&parent=22003"}],"wp:term":[{"taxonomy":"category","embeddable":true,"href":"https:\/\/obscom.intervozes.org.br\/index.php?rest_route=%2Fwp%2Fv2%2Fcategories&post=22003"},{"taxonomy":"post_tag","embeddable":true,"href":"https:\/\/obscom.intervozes.org.br\/index.php?rest_route=%2Fwp%2Fv2%2Ftags&post=22003"}],"curies":[{"name":"wp","href":"https:\/\/api.w.org\/{rel}","templated":true}]}}