{"id":22001,"date":"2008-10-21T20:46:59","date_gmt":"2008-10-21T20:46:59","guid":{"rendered":"https:\/\/obscom.intervozes.org.br\/wordpress\/?p=22001"},"modified":"2008-10-21T20:46:59","modified_gmt":"2008-10-21T20:46:59","slug":"tv-camara-inicia-transmissao-digital-em-sao-paulo","status":"publish","type":"post","link":"https:\/\/obscom.intervozes.org.br\/?p=22001","title":{"rendered":"TV C\u00e2mara inicia transmiss\u00e3o digital em S\u00e3o Paulo"},"content":{"rendered":"<p><span class=\"padrao\">A TV C&acirc;mara e a TV Assembl&eacute;ia de S&atilde;o Paulo inauguraram hoje (20) a transmiss&atilde;o digital, em car&aacute;ter experimental, na cidade de S&atilde;o Paulo. O canal &eacute; a primeira experi&ecirc;ncia em multiprograma&ccedil;&atilde;o oferecida por dois geradores de conte&uacute;do diferentes. O presidente da C&acirc;mara, Arlindo Chinaglia, afirmou, na solenidade de lan&ccedil;amento, realizada na sede da Assembl&eacute;ia Legislativa de S&atilde;o Paulo, que, at&eacute; 2014, a TV C&acirc;mara digital estar&aacute; dispon&iacute;vel em todas as cidades com mais de 100 mil habitantes. A previs&atilde;o, segundo ele, &eacute; que, as c&acirc;maras municipais de todas as capitais tenham acesso ao sinal digital da TV C&acirc;mara at&eacute; 2010.<\/p>\n<p>Chinaglia e o presidente da Assembl&eacute;ia Legislativa de S&atilde;o Paulo, Vaz de Lima, assinaram termo de coopera&ccedil;&atilde;o entre as duas Casas para oficializar o compartilhamento do canal. A programa&ccedil;&atilde;o estar&aacute; dispon&iacute;vel, gratuitamente, no canal 61 em UHF. <\/p>\n<p><strong>Acesso &agrave; informa&ccedil;&atilde;o<\/strong><\/p>\n<p>O presidente da C&acirc;mara afirmou, em seu pronunciamento, que a iniciativa &eacute; uma contribui&ccedil;&atilde;o das duas casas para ampliar os mecanismos de acesso &agrave; informa&ccedil;&atilde;o. Ele lembrou que a TV digital vai permitir que o cidad&atilde;o interfira na programa&ccedil;&atilde;o da emissora, ampliando o interc&acirc;mbio entre quem produz as not&iacute;cias e o telespectador. A interatividade com o cidad&atilde;o, na avalia&ccedil;&atilde;o de Chinaglia, ajudar&aacute; na defini&ccedil;&atilde;o das prioridades do trabalho legislativo. &quot;&Eacute; com o di&aacute;logo, com a troca de id&eacute;ias e at&eacute; com o enfrentamento de id&eacute;ias que constru&iacute;mos uma sociedade democr&aacute;tica&quot;.<\/p>\n<p><strong>Transpar&ecirc;ncia<\/strong><\/p>\n<p>O deputado estadual Vaz de Lima destacou a import&acirc;ncia do canal e da parceria com a C&acirc;mara dos Deputados para assegurar transpar&ecirc;ncia ao trabalho legislativo. Em sua vis&atilde;o, o sinal aberto &eacute; &quot;um extraordin&aacute;rio avan&ccedil;o&quot; e democratizar&aacute; o acesso &agrave;s informa&ccedil;&otilde;es sobre a Assembl&eacute;ia de S&atilde;o Paulo e a C&acirc;mara, hoje dispon&iacute;veis quase exclusivamente para assinantes de TV a cabo. <\/p>\n<p>O 1&ordm; vice-presidente da C&acirc;mara, N&aacute;rcio Rodrigues (PSDB-MG), que tamb&eacute;m participou do evento, afirmou que o sinal digital vai inaugurar uma nova rela&ccedil;&atilde;o do cidad&atilde;o com o Parlamento, estimulando a participa&ccedil;&atilde;o e contribuindo para reduzir imagens distorcidas sobre o trabalho legislativo. &quot;Estamos dando informa&ccedil;&atilde;o &agrave; popula&ccedil;&atilde;o para que ela fa&ccedil;a um julgamento criterioso das atividades legislativas&quot;, disse o vice-presidente. <\/p>\n<p><strong>Fase experimental<\/strong><\/p>\n<p>Para ter acesso ao sinal digital, o telespectador precisa dispor de uma antena UHF e de um conversor. A transmiss&atilde;o experimental n&atilde;o atingir&aacute; ainda toda a cidade de S&atilde;o Paulo, mas marcar&aacute; o in&iacute;cio dos testes para defini&ccedil;&atilde;o da cobertura e da qualidade do sinal de cada TV legislativa. Os testes ser&atilde;o realizados pela equipe da Universidade Mackenzie, em parceria que tamb&eacute;m proporcionar&aacute; o teste do sinal do Canal Universit&aacute;rio de S&atilde;o Paulo ainda neste ano. A expectativa &eacute; que a opera&ccedil;&atilde;o definitiva se inicie no segundo semestre de 2009.<br \/><\/span><\/p>\n","protected":false},"excerpt":{"rendered":"<p>A TV C&acirc;mara e a TV Assembl&eacute;ia de S&atilde;o Paulo inauguraram hoje (20) a transmiss&atilde;o digital, em car&aacute;ter experimental, na cidade de S&atilde;o Paulo. O canal &eacute; a primeira experi&ecirc;ncia em multiprograma&ccedil;&atilde;o oferecida por dois geradores de conte&uacute;do diferentes. O presidente da C&acirc;mara, Arlindo Chinaglia, afirmou, na solenidade de lan&ccedil;amento, realizada na sede da Assembl&eacute;ia &hellip; <a href=\"https:\/\/obscom.intervozes.org.br\/?p=22001\" class=\"more-link\">Continue lendo <span class=\"screen-reader-text\">TV C\u00e2mara inicia transmiss\u00e3o digital em S\u00e3o Paulo<\/span> <span class=\"meta-nav\">&rarr;<\/span><\/a><\/p>\n","protected":false},"author":1,"featured_media":0,"comment_status":"open","ping_status":"open","sticky":false,"template":"","format":"standard","meta":{"footnotes":""},"categories":[40],"tags":[79],"_links":{"self":[{"href":"https:\/\/obscom.intervozes.org.br\/index.php?rest_route=\/wp\/v2\/posts\/22001"}],"collection":[{"href":"https:\/\/obscom.intervozes.org.br\/index.php?rest_route=\/wp\/v2\/posts"}],"about":[{"href":"https:\/\/obscom.intervozes.org.br\/index.php?rest_route=\/wp\/v2\/types\/post"}],"author":[{"embeddable":true,"href":"https:\/\/obscom.intervozes.org.br\/index.php?rest_route=\/wp\/v2\/users\/1"}],"replies":[{"embeddable":true,"href":"https:\/\/obscom.intervozes.org.br\/index.php?rest_route=%2Fwp%2Fv2%2Fcomments&post=22001"}],"version-history":[{"count":0,"href":"https:\/\/obscom.intervozes.org.br\/index.php?rest_route=\/wp\/v2\/posts\/22001\/revisions"}],"wp:attachment":[{"href":"https:\/\/obscom.intervozes.org.br\/index.php?rest_route=%2Fwp%2Fv2%2Fmedia&parent=22001"}],"wp:term":[{"taxonomy":"category","embeddable":true,"href":"https:\/\/obscom.intervozes.org.br\/index.php?rest_route=%2Fwp%2Fv2%2Fcategories&post=22001"},{"taxonomy":"post_tag","embeddable":true,"href":"https:\/\/obscom.intervozes.org.br\/index.php?rest_route=%2Fwp%2Fv2%2Ftags&post=22001"}],"curies":[{"name":"wp","href":"https:\/\/api.w.org\/{rel}","templated":true}]}}