{"id":21999,"date":"2008-10-21T20:38:36","date_gmt":"2008-10-21T20:38:36","guid":{"rendered":"https:\/\/obscom.intervozes.org.br\/wordpress\/?p=21999"},"modified":"2008-10-21T20:38:36","modified_gmt":"2008-10-21T20:38:36","slug":"relatorio-do-conselho-consultivo-ficara-pronto-ate-dia-28","status":"publish","type":"post","link":"https:\/\/obscom.intervozes.org.br\/?p=21999","title":{"rendered":"Relat\u00f3rio do conselho consultivo ficar\u00e1 pronto at\u00e9 dia 28"},"content":{"rendered":"<p><span class=\"padrao\">Nesta ter&ccedil;a-feira (21), o Conselho Consultivo recebeu oficialmente o novo Plano Geral de Outorgas (PGO), aprovado na &uacute;ltima quinta pelo Conselho Diretor da Ag&ecirc;ncia Nacional de Telecomunica&ccedil;&otilde;es (Anatel). O grupo tem 15 dias para analisar o material, que inclui os relat&oacute;rios t&eacute;cnico e jur&iacute;dico, al&eacute;m do estudo realizado pelo Centro de Gest&atilde;o e Estudos Estrat&eacute;gicos (CGEE), contratado pela ag&ecirc;ncia reguladora. Como o prazo &eacute; curto, o grupo j&aacute; agendou a data de apresenta&ccedil;&atilde;o do relat&oacute;rio e de vota&ccedil;&atilde;o do texto final. <\/p>\n<p>O relator no Conselho Consultivo, Walter Faiad de Moura, se comprometeu a apresentar seu voto na pr&oacute;xima ter&ccedil;a-feira, 28. O Conselho Consultivo agendou uma reuni&atilde;o para discutir a proposta no dia 31 de outubro, &uacute;ltima sexta do m&ecirc;s. E a vota&ccedil;&atilde;o est&aacute; pr&eacute;-agendada para o dia 3 de novembro, dois dias antes do final do prazo para an&aacute;lise do grupo consultivo. <\/p>\n<p><strong>Apoio <\/strong><\/p>\n<p>O conselheiro Pedro Jaime Ziller, relator do PGO no Conselho Diretor, foi o enviado para entregar oficialmente a documenta&ccedil;&atilde;o sobre a proposta. Ziller recebeu apoio expl&iacute;cito de dois membros do Conselho Consultivo: Fl&aacute;via Lef&egrave;vre, advogada da Pro Teste; e Ricardo Sanchez, presidente da Abrappit; representantes das entidades de defesa do consumidor e das empresas de telecomunica&ccedil;&otilde;es, respectivamente. <\/p>\n<p>Ambos elogiaram o relat&oacute;rio produzido por Ziller e que acabou sendo rejeitado no Conselho Diretor. &quot;Parabenizamos o senhor por ter sustentado a separa&ccedil;&atilde;o at&eacute; o fim, assim como outras garantias&quot;, afirmou Fl&aacute;via em nome de todas as demais entidades de defesa do consumidor. Em nome dos provedores de internet, Sanchez tamb&eacute;m elogiou a postura do conselheiro-relator, defendendo que a separa&ccedil;&atilde;o &eacute; um dos caminhos de defesa do interesse p&uacute;blico. <\/p>\n<p>Os demais conselheiros presentes tamb&eacute;m fizeram coment&aacute;rios positivos sobre o trabalho do Conselho Diretor, especialmente sobre a iniciativa de fazer a sess&atilde;o aberta ao p&uacute;blico. Mas evitaram fazer coment&aacute;rios sobre o m&eacute;rito do voto de Ziller. Em resposta aos elogios, Ziller tamb&eacute;m manteve a linha diplom&aacute;tica e ressaltou a import&acirc;ncia do trabalho da ag&ecirc;ncia na an&aacute;lise do PGO. Reiterou que n&atilde;o se sente derrotado com o resultado no Conselho Consultivo pois o mais importante j&aacute; aconteceu: colocar o tema da separa&ccedil;&atilde;o na pauta do setor. <\/p>\n<p><strong>D&uacute;vidas <\/strong><\/p>\n<p>Apesar de informalmente j&aacute; estar atuando como relator do processo no Conselho Consultivo, Walter Faiad ainda n&atilde;o formou uma opini&atilde;o sobre o que deve estar ou n&atilde;o contido no PGO. At&eacute; mesmo o presidente do conselho, Vilson Vedana, declarou que esperava uma pr&eacute;via do voto do relator nesta ter&ccedil;a, o que n&atilde;o ocorreu. Faiad argumentou que algumas pe&ccedil;as do processo ainda n&atilde;o eram conhecidas do conselho e, portanto, ainda precisam ser analisadas. &Eacute; o caso do relat&oacute;rio do CGEE que, apesar de estar na p&aacute;gina da Anatel h&aacute; uma semana, s&oacute; chegou oficialmente no conselho consultivo hoje. <br \/>Faiad disse que, como representante do consumidor, est&aacute; atento para a cria&ccedil;&atilde;o de medidas que reduzam pre&ccedil;o e aumentem a qualidade dos servi&ccedil;os, que &eacute; o que os usu&aacute;rios mais demandam. <\/p>\n<p>No entanto, ele entende que a compra da Brasil Telecom pela Oi, conseq&uuml;&ecirc;ncia direta da altera&ccedil;&atilde;o no PGO em pouco ou nada afeta os consumidores, mas sim a outros conjuntos econ&ocirc;micos do setor. No fim, Faiad n&atilde;o respondeu se o PGO est&aacute; ou n&atilde;o aderente aos interesses dos consumidores ou do pr&oacute;prio setor em sua vis&atilde;o. <\/p>\n<p>Com rela&ccedil;&atilde;o &agrave;s contrapartidas, o relator demonstrou uma tend&ecirc;ncia de concordar com as restri&ccedil;&otilde;es &agrave;s propostas mais ousadas sugeridas por Ziller em seu relat&oacute;rio. &quot;Eu entendo que n&atilde;o foram apreciadas v&aacute;rias contrapartidas por limita&ccedil;&atilde;o legal&quot;, afirmou Faiad, que possui forma&ccedil;&atilde;o jur&iacute;dica. <\/p>\n<p><strong>Nova proposta <\/strong><\/p>\n<p>Apesar de o Conselho Consultivo n&atilde;o ter poder efetivo de mudar o PGO aprovado pelo Conselho Diretor &ndash; ele pode apenas opiniar sobre a proposta sem, no entanto, ter a capacidade de exigir altera&ccedil;&otilde;es &ndash; existe uma corrente no grupo que aposta na oportunidade de se fazer um relat&oacute;rio paralelo ao aprovado pelo Conselho Diretor. Ainda &eacute; d&uacute;vida se esse grupo tem votos suficientes para fazer essa proposta paralela prevalecer. <\/p>\n<p>A id&eacute;ia seria reapresentar algumas id&eacute;ias do relat&oacute;rio de Pedro Jaime Ziller, especialmente as consideradas como &quot;contrapartidas&quot; &agrave; concentra&ccedil;&atilde;o no setor. A sugest&atilde;o da separa&ccedil;&atilde;o &eacute; bem vista por esse grupo. O entendimento &eacute; que, ao produzir uma vers&atilde;o diversa da aprovada pela diretoria, o Conselho Consultivo estaria ajudando na decis&atilde;o do Executivo, mostrando as diferentes correntes sobre a reforma do PGO.<\/span><\/p>\n","protected":false},"excerpt":{"rendered":"<p>Nesta ter&ccedil;a-feira (21), o Conselho Consultivo recebeu oficialmente o novo Plano Geral de Outorgas (PGO), aprovado na &uacute;ltima quinta pelo Conselho Diretor da Ag&ecirc;ncia Nacional de Telecomunica&ccedil;&otilde;es (Anatel). O grupo tem 15 dias para analisar o material, que inclui os relat&oacute;rios t&eacute;cnico e jur&iacute;dico, al&eacute;m do estudo realizado pelo Centro de Gest&atilde;o e Estudos Estrat&eacute;gicos &hellip; <a href=\"https:\/\/obscom.intervozes.org.br\/?p=21999\" class=\"more-link\">Continue lendo <span class=\"screen-reader-text\">Relat\u00f3rio do conselho consultivo ficar\u00e1 pronto at\u00e9 dia 28<\/span> <span class=\"meta-nav\">&rarr;<\/span><\/a><\/p>\n","protected":false},"author":1,"featured_media":0,"comment_status":"open","ping_status":"open","sticky":false,"template":"","format":"standard","meta":{"footnotes":""},"categories":[40],"tags":[366],"_links":{"self":[{"href":"https:\/\/obscom.intervozes.org.br\/index.php?rest_route=\/wp\/v2\/posts\/21999"}],"collection":[{"href":"https:\/\/obscom.intervozes.org.br\/index.php?rest_route=\/wp\/v2\/posts"}],"about":[{"href":"https:\/\/obscom.intervozes.org.br\/index.php?rest_route=\/wp\/v2\/types\/post"}],"author":[{"embeddable":true,"href":"https:\/\/obscom.intervozes.org.br\/index.php?rest_route=\/wp\/v2\/users\/1"}],"replies":[{"embeddable":true,"href":"https:\/\/obscom.intervozes.org.br\/index.php?rest_route=%2Fwp%2Fv2%2Fcomments&post=21999"}],"version-history":[{"count":0,"href":"https:\/\/obscom.intervozes.org.br\/index.php?rest_route=\/wp\/v2\/posts\/21999\/revisions"}],"wp:attachment":[{"href":"https:\/\/obscom.intervozes.org.br\/index.php?rest_route=%2Fwp%2Fv2%2Fmedia&parent=21999"}],"wp:term":[{"taxonomy":"category","embeddable":true,"href":"https:\/\/obscom.intervozes.org.br\/index.php?rest_route=%2Fwp%2Fv2%2Fcategories&post=21999"},{"taxonomy":"post_tag","embeddable":true,"href":"https:\/\/obscom.intervozes.org.br\/index.php?rest_route=%2Fwp%2Fv2%2Ftags&post=21999"}],"curies":[{"name":"wp","href":"https:\/\/api.w.org\/{rel}","templated":true}]}}