{"id":21993,"date":"2008-10-21T11:34:12","date_gmt":"2008-10-21T11:34:12","guid":{"rendered":"https:\/\/obscom.intervozes.org.br\/wordpress\/?p=21993"},"modified":"2008-10-21T11:34:12","modified_gmt":"2008-10-21T11:34:12","slug":"relator-do-pgo-no-conselho-consultivo-da-anatel-quer-contrapartidas-a-consolidacao","status":"publish","type":"post","link":"https:\/\/obscom.intervozes.org.br\/?p=21993","title":{"rendered":"Relator do PGO no Conselho Consultivo da Anatel quer contrapartidas \u00e0 consolida\u00e7\u00e3o"},"content":{"rendered":"<p><span class=\"padrao\">O membro do Conselho Consultivo da Ag&ecirc;ncia Nacional de Telecomunica&ccedil;&otilde;es (Anatel) e relator do Plano Geral de Outorgas (PGO), Walter Faiad, acredita que o desafio do colegiado ser&aacute; elaborar um documento capaz de &quot;dar voz ativa&quot; a todas as representa&ccedil;&otilde;es que participaram dos debates promovidos at&eacute; ent&atilde;o. &quot;Nossas oitivas ouviram um n&uacute;mero maior de atores atingidos diretamente com as mudan&ccedil;as no regulamento. Nem o pr&oacute;prio conselho diretor conseguiu ouvir tantas representa&ccedil;&otilde;es&quot;, disse Faiad, que ocupa a vaga como representante dos consumidores.<\/p>\n<p>O Conselho Consultivo da Anatel realiza nesta ter&ccedil;a-feira (21), &agrave;s 14h, uma reuni&atilde;o extraordin&aacute;ria para receber oficialmente a vers&atilde;o do PGO aprovada pelo conselho diretor da ag&ecirc;ncia. Faiad lamenta que os debates tenham sido influenciados pelos agentes do mercado interessados na fus&atilde;o entre Oi e Brasil Telecom. &quot;&Eacute; uma tarefa bastante dif&iacute;cil. Principalmente pelo contexto de que um fato econ&ocirc;mico tenha tanto peso sobre as decis&otilde;es sobre o novo PGO&quot;, afirmou o relator.<\/p>\n<p>Por n&atilde;o ter poder deliberativo sobre as decis&otilde;es da ag&ecirc;ncia, Faiad considera que o conselho consultivo tem que apresentar um relat&oacute;rio rico em an&aacute;lise para dar suporte &agrave;s decis&otilde;es do Minist&eacute;rio das Comunica&ccedil;&otilde;es e da Casa Civil. &quot;Se o conselho &eacute; consultivo, ele dever cumprir o seu papel. Com todas as reuni&otilde;es que promovemos at&eacute; agora, foi poss&iacute;vel perceber o que d&aacute; para exigir das concession&aacute;rias como contrapartida&quot;, alertou.<\/p>\n<p>Segundo Faiad, a Anatel deve estabelecer metas de qualidades que n&atilde;o sejam baseadas apenas em informa&ccedil;&otilde;es t&eacute;cnicas das empresas, mas que sejam fundamentadas tamb&eacute;m nas refer&ecirc;ncias de baixos &iacute;ndices de reclama&ccedil;&otilde;es registrados pelos institutos de defesa dos consumidores. Ele tamb&eacute;m defendeu que a ag&ecirc;ncia estabele&ccedil;a um novo modelo de custos para garantir maior transpar&ecirc;ncia sobre os c&aacute;lculos das tarifas definidas para o usu&aacute;rio.<\/span><\/p>\n","protected":false},"excerpt":{"rendered":"<p>O membro do Conselho Consultivo da Ag&ecirc;ncia Nacional de Telecomunica&ccedil;&otilde;es (Anatel) e relator do Plano Geral de Outorgas (PGO), Walter Faiad, acredita que o desafio do colegiado ser&aacute; elaborar um documento capaz de &quot;dar voz ativa&quot; a todas as representa&ccedil;&otilde;es que participaram dos debates promovidos at&eacute; ent&atilde;o. &quot;Nossas oitivas ouviram um n&uacute;mero maior de atores &hellip; <a href=\"https:\/\/obscom.intervozes.org.br\/?p=21993\" class=\"more-link\">Continue lendo <span class=\"screen-reader-text\">Relator do PGO no Conselho Consultivo da Anatel quer contrapartidas \u00e0 consolida\u00e7\u00e3o<\/span> <span class=\"meta-nav\">&rarr;<\/span><\/a><\/p>\n","protected":false},"author":1,"featured_media":0,"comment_status":"open","ping_status":"open","sticky":false,"template":"","format":"standard","meta":{"footnotes":""},"categories":[40],"tags":[366],"_links":{"self":[{"href":"https:\/\/obscom.intervozes.org.br\/index.php?rest_route=\/wp\/v2\/posts\/21993"}],"collection":[{"href":"https:\/\/obscom.intervozes.org.br\/index.php?rest_route=\/wp\/v2\/posts"}],"about":[{"href":"https:\/\/obscom.intervozes.org.br\/index.php?rest_route=\/wp\/v2\/types\/post"}],"author":[{"embeddable":true,"href":"https:\/\/obscom.intervozes.org.br\/index.php?rest_route=\/wp\/v2\/users\/1"}],"replies":[{"embeddable":true,"href":"https:\/\/obscom.intervozes.org.br\/index.php?rest_route=%2Fwp%2Fv2%2Fcomments&post=21993"}],"version-history":[{"count":0,"href":"https:\/\/obscom.intervozes.org.br\/index.php?rest_route=\/wp\/v2\/posts\/21993\/revisions"}],"wp:attachment":[{"href":"https:\/\/obscom.intervozes.org.br\/index.php?rest_route=%2Fwp%2Fv2%2Fmedia&parent=21993"}],"wp:term":[{"taxonomy":"category","embeddable":true,"href":"https:\/\/obscom.intervozes.org.br\/index.php?rest_route=%2Fwp%2Fv2%2Fcategories&post=21993"},{"taxonomy":"post_tag","embeddable":true,"href":"https:\/\/obscom.intervozes.org.br\/index.php?rest_route=%2Fwp%2Fv2%2Ftags&post=21993"}],"curies":[{"name":"wp","href":"https:\/\/api.w.org\/{rel}","templated":true}]}}