{"id":21989,"date":"2008-10-20T14:12:16","date_gmt":"2008-10-20T14:12:16","guid":{"rendered":"https:\/\/obscom.intervozes.org.br\/wordpress\/?p=21989"},"modified":"2008-10-20T14:12:16","modified_gmt":"2008-10-20T14:12:16","slug":"anatel-aprova-fusao-brt-oi-sem-contrapartidas-polemicas","status":"publish","type":"post","link":"https:\/\/obscom.intervozes.org.br\/?p=21989","title":{"rendered":"Anatel aprova fus\u00e3o BrT-OI sem contrapartidas pol\u00eamicas"},"content":{"rendered":"\n<p>Em uma sess&atilde;o tensa e questionada judicialmente, o Conselho Direitor da Ag&ecirc;ncia Nacional de Telecomunica&ccedil;&otilde;es (Anatel) aprovou na &uacute;ltima quinta-feira (16) sua proposta para os planos Geral de Outorga (PGO) e Geral de Atualiza&ccedil;&atilde;o dos Regulamentos de Telecomunica&ccedil;&otilde;es (PGR). O texto ser&aacute; enviado ao Executivo Federal para defini&ccedil;&atilde;o da reda&ccedil;&atilde;o final e publica&ccedil;&atilde;o na forma de Decreto Presidencial.<\/p>\n<p>Os conselheiros confirmaram a retirada da restri&ccedil;&atilde;o &agrave; compra de operadora para atua&ccedil;&atilde;o em mais de uma &aacute;rea, mecanismo que ir&aacute; permitir a venda da Brasil Telecom &agrave; Oi. Foi mantido tamb&eacute;m o limite &agrave; atua&ccedil;&atilde;o em uma terceira &aacute;rea. Na pr&aacute;tica, tal mecanismo viabiliza legalmente a fus&atilde;o BrT-Oi e impede que a nova tele possa ser comprada pela Telef&ocirc;nica ou pela Embratel, que exploram o servi&ccedil;o de telefonia fixa nas &aacute;reas III (S&atilde;o Paulo) e IV (longa dist&acirc;ncia em todo o territ&oacute;rio nacional).<\/p>\n<p>Tal dispositivo, que aparentava ser consensual, foi questionado pela conselheira Em&iacute;lia Ribeiro, que defendeu a libera&ccedil;&atilde;o irrestrita. Segundo Ribeiro, a flexibiliza&ccedil;&atilde;o total seguiria a tend&ecirc;ncia mundial de promo&ccedil;&atilde;o da concentra&ccedil;&atilde;o de propriedade como forma de sinergia entre os neg&oacute;cios e &ldquo;ganho de escala&rdquo; das corpora&ccedil;&otilde;es.<\/p>\n<p>A proposta de amplia&ccedil;&atilde;o da flexibiliza&ccedil;&atilde;o foi duramente criticada pelo conselheiro Pedro Jaime Ziller, que argumentou preferir o monop&oacute;lio estatal ao privado, referindo-se ao que seria a consequ&ecirc;ncia da libera&ccedil;&atilde;o total defendida por Em&iacute;lia Ribeiro. &ldquo;O argumento da concentra&ccedil;&atilde;o como condi&ccedil;&atilde;o ao ganho de escala n&atilde;o tem sustenta&ccedil;&atilde;o com o que ocorre na realidade hoje. V&aacute;rias empresas oferecem pacotes de servi&ccedil;os mesmo com cada um deles sendo ofertado por operadores diferentes&rdquo;, disse.<\/p>\n<p><strong>Cr&iacute;ticas<\/strong><\/p>\n<p>A cr&iacute;tica &agrave; viabiliza&ccedil;&atilde;o legal da BrT-Oi, se n&atilde;o sensibilizou os conselheiros, conseguiu adiar a sess&atilde;o. A Associa&ccedil;&atilde;o Brasileira de Provedores de Internet e Autorizados de SCM (Abramulti) conseguiu, junto &agrave; 13&ordf; Vara da Justi&ccedil;a Fedral do Distrito Federal, uma liminar impedindo a vota&ccedil;&atilde;o dos artigos do PGO referentes ao assunto. A procuradoria da Anatel passou o dia atuando para derrubar a decis&atilde;o, o que s&oacute; foi ocorrer ap&oacute;s as 18h.<\/p>\n<p>&ldquo;Se n&atilde;o houvesse a declara&ccedil;&atilde;o de compra [da Brasil Telecom pela Oi], a Anatel estaria fazendo o PGO como est&aacute; agora? Caso a crise econ&ocirc;mica restringisse os cr&eacute;ditos, deveria ser o PGO alterado? Mas se Oi simplesmente desistir de comprar a Brasil telecom, a Telef&oacute;nica poderia comprar uma das duas. Que garantia temos de que n&atilde;o ser&aacute; a Oi comprada pela Embratel e a BrT pela Telef&ocirc;nica, deixando nosso setor nas m&atilde;os do capital estrangeiro?&rdquo;, questionou Adelmo Santos, presidente da Abramulti.<\/p>\n<p>O conjunto de perguntas foi ignorado pelos conselheiros. Em entrevista ao site TeleTime no dia 17, o presidente da Anatel, Ronaldo Sardenberg deu sua resposta tardia. &ldquo;Esta pergunta tem que ser feita na ordem contr&aacute;ria. A Anatel funciona na base de declara&ccedil;&otilde;es de pol&iacute;ticas p&uacute;blicas. N&atilde;o &eacute; ela quem cria essas pol&iacute;ticas e n&atilde;o iria nesse sentido se n&atilde;o houvesse uma indica&ccedil;&atilde;o por parte do governo. A Anatel &eacute; importante, mas n&atilde;o &eacute; o governo. Eventualmente ela pode alertar o governo sobre os riscos de uma pol&iacute;tica, mas isso n&atilde;o tem sido feito&rdquo;, lembrando que a diretriz partiu de um of&iacute;cio enviado pelo Minist&eacute;rio das Comunica&ccedil;&otilde;es em fevereiro deste ano. Este, por sua vez, foi uma resposta a um pedido da Associa&ccedil;&atilde;o Brasileira dos Concession&aacute;rios do Servi&ccedil;o Telef&ocirc;nico Fixo Comutado (Abrafix).<\/p>\n<p>A g&ecirc;nese do processo ser a solicita&ccedil;&atilde;o da Abrafix comprova, para os cr&iacute;ticos, a motiva&ccedil;&atilde;o particular da altera&ccedil;&atilde;o selada pelo Conselho Diretor da Anatel. &ldquo;O processo de revis&atilde;o est&aacute; viciado desde a sua origem. Em fun&ccedil;&atilde;o da fus&atilde;o, inverteu-se o projeto, pois mesmo antes de alterar a Lei Geral de Telecomunica&ccedil;&otilde;es [LGT] alterou-se o PGMU [Plano Geral de Metas de Universaliza&ccedil;&atilde;o] criando condi&ccedil;&otilde;es para subs&iacute;dios ilegais e propiciando a apropria&ccedil;&atilde;o de recursos p&uacute;blicos do Fust [Fundo de Universaliza&ccedil;&atilde;o dos Servi&ccedil;os de Telecomunica&ccedil;&otilde;es] para uma rede de infra-estrutura que servir&aacute; de suporte para a presta&ccedil;&atilde;o privada do SCM. Destacamos indigna&ccedil;&atilde;o quanto aos reis motivos desta altera&ccedil;&atilde;o: interesses econ&ocirc;micos de empresas privadas que com seus interesses tem levado a uma corros&atilde;o de garantias constitucionais&rdquo;, bateu forte a advogada Fl&aacute;via Lef&eacute;vre, do Instituto ProTeste.<\/p>\n<p><strong>Contrapartidas derrubadas<\/p>\n<p><\/strong>As pol&ecirc;micas contrapartidas &agrave; flexibiliza&ccedil;&atilde;o propostas pelo relator do PGO no Conselho Diretor da Anatel, Pedro Jaime Ziller, foram derrotadas na sess&atilde;o. Entre elas estava a obriga&ccedil;&atilde;o de transfer&ecirc;ncia de todas as outorgas detidas por uma operadora quando de sua compra por outra e duas modalidades de separa&ccedil;&atilde;o sobre o concession&aacute;rio de STFC. A primeira, j&aacute; presente no texto submetido a consulta p&uacute;blica pela ag&ecirc;ncia, previa a cria&ccedil;&atilde;o de uma empresa diferente daquela detentora da concess&atilde;o de STFC para explorar o servi&ccedil;o de SCM (banda larga). A segunda, inserida no voto do relator, estabelecia a separa&ccedil;&atilde;o funcional entre o uso da rede para dados e para o servi&ccedil;o de voz.<\/p>\n<p>Pedro Jaime Ziller reafirmou a import&acirc;ncia destas medidas para dificultar o controle abusivo das redes de transmiss&atilde;o por seus detentores e discordou do parecer da Procuradoria da Anatel, que apontou ilegalidade neste mecanismo. &ldquo;A proposta tem amparo nos princ&iacute;pios fundamentais da LGT, pois ela diz que o poder p&uacute;blico tem o poder de adotar medidas que promovam a competi&ccedil;&atilde;o. Nos artigos 5&ordm; e 6&ordm;, est&aacute; que &#39;observar-se-&atilde;o os princ&iacute;pios da livre concorr&ecirc;ncia, defesa do consumidor, repress&atilde;o ou abuso do poder econ&ocirc;mico e organiza&ccedil;&atilde;o dos servi&ccedil;os com base no princ&iacute;pio da livre e ampla competi&ccedil;&atilde;o&#39;.&quot;<\/p>\n<p>Mesmo assim, para os conselheiros Ant&ocirc;nio Bedran, Em&iacute;lia Ribeiro e para o presidente da Anatel, Ronaldo Sardenberg, prevaleceu o argumento de que este tipo de contrapartida n&atilde;o deveria constar no PGO. &ldquo;Debru&ccedil;ando-me sobre a quest&atilde;o da legalidade, h&aacute; outros instrumentos mais pr&oacute;prios a contemplar tais dispositivos dos artigos 7&ordm;, 8&ordm; e 9&ordm; [que institu&iacute;am as contrapartidas]&rdquo;, justificou Bedran. &ldquo;A medida poder&aacute; ser objeto de estudos mais apurados e ser inseridas em outros instrumentos, como o Plano Geral de Metas de Competi&ccedil;&atilde;o&rdquo;, sugeriu Em&iacute;lia Ribeiro.<\/p>\n<p>A reda&ccedil;&atilde;o final terminou por remeter os mecanimos de regula&ccedil;&atilde;o do acesso a redes a outros regramentos futuros da Anatel, estabelecendo como obriga&ccedil;&atilde;o da concession&aacute;ria &ldquo;assegurar a outras prestadoras de servi&ccedil;os de telecomunica&ccedil;&otilde;es de interesse coletivo o acesso &agrave;s suas redes de telecomunica&ccedil;&otilde;es em condi&ccedil;&otilde;es n&atilde;o discriminat&oacute;rias, ison&ocirc;micas e coerentes com suas pr&aacute;ticas comerciais, conforme dispuser o Plano Geral de Metas de Competi&ccedil;&atilde;o a ser editado pela Ag&ecirc;ncia Nacional de Telecomunica&ccedil;&otilde;es&rdquo;.<\/p>\n<p><strong>PGR<\/p>\n<p><\/strong>Na sess&atilde;o, os conselheiros tamb&eacute;m aprovaram o parecer do relator Ant&ocirc;nio Bedran acerca do Plano de Atualiza&ccedil;&atilde;o dos Regulamentos de Telecomunica&ccedil;&otilde;es (PGR). A norma prev&ecirc; medidas de curto, m&eacute;dio e longo prazos para o setor. Para a primeira etapa, nos pr&oacute;ximos dois anos, a Anatel dever&aacute; encaminhar: (1) promo&ccedil;&atilde;o de parcerias com entidades de defesa dos consumidores; (2) regulamenta&ccedil;&atilde;o do STFC; (3) elabora&ccedil;&atilde;o do Plano Geral de Metas de Competi&ccedil;&atilde;o; (4) regulamenta&ccedil;&atilde;o do plano geral de autoriza&ccedil;&otilde;es do SMP (telefonia celular); (5) disponibiliza&ccedil;&atilde;o de radiofrequ&ecirc;ncias para a massifica&ccedil;&atilde;o de acessos &agrave; internet em banda larga; (6) regulamento de servi&ccedil;os para amplia&ccedil;&atilde;o da oferta e da competi&ccedil;&atilde;o; (7) aprova&ccedil;&atilde;o do regulamento da desagrega&ccedil;&atilde;o de elementos de redes de telecomunica&ccedil;&otilde;es; (8) implementa&ccedil;&atilde;o otimizada do modelo de custos; (9) regulamenta&ccedil;&atilde;o de uso de radiofrequencias; (10) planejamento de outorgas para os servi&ccedil;os de TV por assinatura; (11) regulamenta&ccedil;&atilde;o do servi&ccedil;o m&oacute;vel global por sat&eacute;lite; (12) regulamenta&ccedil;&atilde;o do poder de mercado significativo; (13) regulamenta&ccedil;&atilde;o para fomento &agrave; pesquisa e desenvolvimento e produ&ccedil;&atilde;o de tecnologia em telecomunica&ccedil;&otilde;es; e a (14) regulamenta&ccedil;&atilde;o do SCM.<\/p>\n","protected":false},"excerpt":{"rendered":"<p>Operadoras poder\u00e3o atuar em at\u00e9 duas \u00e1reas; propostas de separa\u00e7\u00e3o empresarial e funcional s\u00e3o derrubadas sob argumenta\u00e7\u00e3o de que devem ser discutidas em outras normas<\/p>\n","protected":false},"author":1,"featured_media":0,"comment_status":"open","ping_status":"open","sticky":false,"template":"","format":"standard","meta":{"footnotes":""},"categories":[40],"tags":[81],"_links":{"self":[{"href":"https:\/\/obscom.intervozes.org.br\/index.php?rest_route=\/wp\/v2\/posts\/21989"}],"collection":[{"href":"https:\/\/obscom.intervozes.org.br\/index.php?rest_route=\/wp\/v2\/posts"}],"about":[{"href":"https:\/\/obscom.intervozes.org.br\/index.php?rest_route=\/wp\/v2\/types\/post"}],"author":[{"embeddable":true,"href":"https:\/\/obscom.intervozes.org.br\/index.php?rest_route=\/wp\/v2\/users\/1"}],"replies":[{"embeddable":true,"href":"https:\/\/obscom.intervozes.org.br\/index.php?rest_route=%2Fwp%2Fv2%2Fcomments&post=21989"}],"version-history":[{"count":0,"href":"https:\/\/obscom.intervozes.org.br\/index.php?rest_route=\/wp\/v2\/posts\/21989\/revisions"}],"wp:attachment":[{"href":"https:\/\/obscom.intervozes.org.br\/index.php?rest_route=%2Fwp%2Fv2%2Fmedia&parent=21989"}],"wp:term":[{"taxonomy":"category","embeddable":true,"href":"https:\/\/obscom.intervozes.org.br\/index.php?rest_route=%2Fwp%2Fv2%2Fcategories&post=21989"},{"taxonomy":"post_tag","embeddable":true,"href":"https:\/\/obscom.intervozes.org.br\/index.php?rest_route=%2Fwp%2Fv2%2Ftags&post=21989"}],"curies":[{"name":"wp","href":"https:\/\/api.w.org\/{rel}","templated":true}]}}