{"id":21988,"date":"2008-10-20T09:26:29","date_gmt":"2008-10-20T09:26:29","guid":{"rendered":"https:\/\/obscom.intervozes.org.br\/wordpress\/?p=21988"},"modified":"2008-10-20T09:26:29","modified_gmt":"2008-10-20T09:26:29","slug":"rede-globo-falta-a-audiencia-publica-sobre-renovacao-da-concessao-em-brasilia","status":"publish","type":"post","link":"https:\/\/obscom.intervozes.org.br\/?p=21988","title":{"rendered":"Rede Globo falta \u00e0 audi\u00eancia p\u00fablica sobre renova\u00e7\u00e3o da concess\u00e3o em Bras\u00edlia"},"content":{"rendered":"<p><span class=\"padrao\">Aconteceu na tarde desta sexta-feira (17) uma audi&ecirc;ncia p&uacute;blica na C&acirc;mara do Distrito Federal para avaliar a renova&ccedil;&atilde;o da concess&atilde;o da TV Globo em Bras&iacute;lia, que venceu em outubro de 2007. Participaram da audi&ecirc;ncia a deputada distrital &Eacute;rica Kokai (PT-DF), Jonas Valente, pela Intervozes, Lu&iacute;s Martins e Ven&iacute;cio Lima, da UnB, Leovane Greg&oacute;rio, da Comiss&atilde;o do Conselho Regional de Psicologia, e Rejane Pitanga, presidente da CUT-DF. Convidada a participar, a Rede Globo n&atilde;o compareceu &agrave; audi&ecirc;ncia.<\/p>\n<p>A audi&ecirc;ncia p&uacute;blica na C&acirc;mara Legislativa do Distrito Federal n&atilde;o determina a concess&atilde;o. Desta audi&ecirc;ncia, ser&aacute; encaminhada uma carta para a Rede Globo com as sugest&otilde;es dos participantes para que possa se adequar ao que pensam ser constitucionalmente correto para renovar a concess&atilde;o e tamb&eacute;m um relat&oacute;rio &agrave; C&acirc;mara Federal, para que ajude os deputados a avaliarem a quest&atilde;o. Por causa do per&iacute;odo eleitoral, o processo de renova&ccedil;&atilde;o est&aacute; parado no Congresso Nacional.<\/p>\n<p>Entre as sugest&otilde;es, a deputada &Eacute;rica Kokai informa que est&aacute; o compromisso que a Rede Globo deveria assumir para regionalizar mais a programa&ccedil;&atilde;o e abrir espa&ccedil;o a programas independentes.<\/p>\n<p>O jornalista Jonas Valente, do Intervozes, diz que a Rede Globo &eacute; praticamente uma retransmissora da programa&ccedil;&atilde;o que vem do Rio e de S&atilde;o Paulo. &ldquo;O conte&uacute;do local produzido &eacute; de apenas duas horas&rdquo;, afirma o Intervozes. Valente sugere que, para que seja renovada a concess&atilde;o, a Rede Globo em Bras&iacute;lia se comprometa a seguir o que a Legisla&ccedil;&atilde;o prop&otilde;e, como conte&uacute;dos regionais e de produ&ccedil;&atilde;o local. &ldquo;O tempo de produ&ccedil;&atilde;o local &eacute; s&oacute; de telejornalismo, n&atilde;o h&aacute; dramaturgia ou outros programas. Propomos tamb&eacute;m um programa de debates na programa&ccedil;&atilde;o&rdquo;, disse o membro do Intervozes.<\/p>\n<p>A reportagem n&atilde;o conseguiu falar com a sede da Rede Globo, no Rio de Janeiro, no fim desta tarde. <br \/><\/span><\/p>\n","protected":false},"excerpt":{"rendered":"<p>Aconteceu na tarde desta sexta-feira (17) uma audi&ecirc;ncia p&uacute;blica na C&acirc;mara do Distrito Federal para avaliar a renova&ccedil;&atilde;o da concess&atilde;o da TV Globo em Bras&iacute;lia, que venceu em outubro de 2007. Participaram da audi&ecirc;ncia a deputada distrital &Eacute;rica Kokai (PT-DF), Jonas Valente, pela Intervozes, Lu&iacute;s Martins e Ven&iacute;cio Lima, da UnB, Leovane Greg&oacute;rio, da Comiss&atilde;o &hellip; <a href=\"https:\/\/obscom.intervozes.org.br\/?p=21988\" class=\"more-link\">Continue lendo <span class=\"screen-reader-text\">Rede Globo falta \u00e0 audi\u00eancia p\u00fablica sobre renova\u00e7\u00e3o da concess\u00e3o em Bras\u00edlia<\/span> <span class=\"meta-nav\">&rarr;<\/span><\/a><\/p>\n","protected":false},"author":1,"featured_media":0,"comment_status":"open","ping_status":"open","sticky":false,"template":"","format":"standard","meta":{"footnotes":""},"categories":[40],"tags":[892],"_links":{"self":[{"href":"https:\/\/obscom.intervozes.org.br\/index.php?rest_route=\/wp\/v2\/posts\/21988"}],"collection":[{"href":"https:\/\/obscom.intervozes.org.br\/index.php?rest_route=\/wp\/v2\/posts"}],"about":[{"href":"https:\/\/obscom.intervozes.org.br\/index.php?rest_route=\/wp\/v2\/types\/post"}],"author":[{"embeddable":true,"href":"https:\/\/obscom.intervozes.org.br\/index.php?rest_route=\/wp\/v2\/users\/1"}],"replies":[{"embeddable":true,"href":"https:\/\/obscom.intervozes.org.br\/index.php?rest_route=%2Fwp%2Fv2%2Fcomments&post=21988"}],"version-history":[{"count":0,"href":"https:\/\/obscom.intervozes.org.br\/index.php?rest_route=\/wp\/v2\/posts\/21988\/revisions"}],"wp:attachment":[{"href":"https:\/\/obscom.intervozes.org.br\/index.php?rest_route=%2Fwp%2Fv2%2Fmedia&parent=21988"}],"wp:term":[{"taxonomy":"category","embeddable":true,"href":"https:\/\/obscom.intervozes.org.br\/index.php?rest_route=%2Fwp%2Fv2%2Fcategories&post=21988"},{"taxonomy":"post_tag","embeddable":true,"href":"https:\/\/obscom.intervozes.org.br\/index.php?rest_route=%2Fwp%2Fv2%2Ftags&post=21988"}],"curies":[{"name":"wp","href":"https:\/\/api.w.org\/{rel}","templated":true}]}}