{"id":21984,"date":"2008-10-17T17:20:51","date_gmt":"2008-10-17T17:20:51","guid":{"rendered":"https:\/\/obscom.intervozes.org.br\/wordpress\/?p=21984"},"modified":"2008-10-17T17:20:51","modified_gmt":"2008-10-17T17:20:51","slug":"para-pm-entrevistas-na-globo-record-e-redetv-atrapalharam-negociacoes-com-sequestrador","status":"publish","type":"post","link":"https:\/\/obscom.intervozes.org.br\/?p=21984","title":{"rendered":"Para PM, entrevistas na Globo, Record e RedeTV! atrapalharam negocia\u00e7\u00f5es com seq\u00fcestrador"},"content":{"rendered":"<p><span class=\"padrao\">Embora a Rede TV!, Rede Globo e Record tenham transmitido entrevistas com Lindemberg Fernandes Alves, de 22 anos, que mat&eacute;m sua ex-namorada como ref&eacute;m em um pr&eacute;dio de Santo Andr&eacute; (SP) desde segunda-feira (13), a assessoria da Pol&iacute;cia Militar disse que n&atilde;o autorizou ningu&eacute;m a falar com o jovem. &ldquo;Eles est&atilde;o fazendo o trabalho deles; n&oacute;s, o nosso&rdquo;, afirmou a assessoria, que ainda acrescentou que as entrevistas atrapalharam as negocia&ccedil;&otilde;es.<\/p>\n<p>Na tarde de quarta (15), a Rede TV! transmitiu entrevista ao vivo com o jovem, no programa A tarde &eacute; Sua. A emissora n&atilde;o quis comentar o fato.<\/p>\n<p>A Globo transmitiu a entrevista no Jornal Hoje, pela manh&atilde;. N&atilde;o houve resposta da emissora at&eacute; a publica&ccedil;&atilde;o da mat&eacute;ria.<\/p>\n<p>A Record veiculou a entrevista com Lindemberg no ar no SP Record. Segundo a assessoria de imprensa, a emissora teria ouvido o jovem com autoriza&ccedil;&atilde;o da PM.<\/p>\n<p>Um capit&atilde;o do Ex&eacute;rcito afirmou ao jornal O Estado de S.Paulo: &ldquo;Para esse tipo de ocorr&ecirc;ncia existem pessoas treinadas, especializadas. &Agrave;s vezes, uma palavra errada da apresentadora coloca tudo a perder.&rdquo;<\/p>\n<p><strong>SBT n&atilde;o queria fazer &quot;sensacionalismo&quot;, diz assessoria<\/p>\n<p><\/strong>A Bandeirantes afirmou que n&atilde;o veiculou nenhuma entrevista com o jovem. O SBT informou que o advogado do rapaz entrou em contato com a emissora para oferecer a entrevista. O SBT n&atilde;o aceitou. &ldquo;Nosso jornalismo resolveu n&atilde;o entrevist&aacute;-lo, n&atilde;o fazer sensacionalismo com a situa&ccedil;&atilde;o&rdquo;, disse. A TV Cultura n&atilde;o respondeu &agrave; reportagem.<\/span> <\/p>\n","protected":false},"excerpt":{"rendered":"<p>Embora a Rede TV!, Rede Globo e Record tenham transmitido entrevistas com Lindemberg Fernandes Alves, de 22 anos, que mat&eacute;m sua ex-namorada como ref&eacute;m em um pr&eacute;dio de Santo Andr&eacute; (SP) desde segunda-feira (13), a assessoria da Pol&iacute;cia Militar disse que n&atilde;o autorizou ningu&eacute;m a falar com o jovem. &ldquo;Eles est&atilde;o fazendo o trabalho deles; &hellip; <a href=\"https:\/\/obscom.intervozes.org.br\/?p=21984\" class=\"more-link\">Continue lendo <span class=\"screen-reader-text\">Para PM, entrevistas na Globo, Record e RedeTV! atrapalharam negocia\u00e7\u00f5es com seq\u00fcestrador<\/span> <span class=\"meta-nav\">&rarr;<\/span><\/a><\/p>\n","protected":false},"author":1,"featured_media":0,"comment_status":"open","ping_status":"open","sticky":false,"template":"","format":"standard","meta":{"footnotes":""},"categories":[40],"tags":[892],"_links":{"self":[{"href":"https:\/\/obscom.intervozes.org.br\/index.php?rest_route=\/wp\/v2\/posts\/21984"}],"collection":[{"href":"https:\/\/obscom.intervozes.org.br\/index.php?rest_route=\/wp\/v2\/posts"}],"about":[{"href":"https:\/\/obscom.intervozes.org.br\/index.php?rest_route=\/wp\/v2\/types\/post"}],"author":[{"embeddable":true,"href":"https:\/\/obscom.intervozes.org.br\/index.php?rest_route=\/wp\/v2\/users\/1"}],"replies":[{"embeddable":true,"href":"https:\/\/obscom.intervozes.org.br\/index.php?rest_route=%2Fwp%2Fv2%2Fcomments&post=21984"}],"version-history":[{"count":0,"href":"https:\/\/obscom.intervozes.org.br\/index.php?rest_route=\/wp\/v2\/posts\/21984\/revisions"}],"wp:attachment":[{"href":"https:\/\/obscom.intervozes.org.br\/index.php?rest_route=%2Fwp%2Fv2%2Fmedia&parent=21984"}],"wp:term":[{"taxonomy":"category","embeddable":true,"href":"https:\/\/obscom.intervozes.org.br\/index.php?rest_route=%2Fwp%2Fv2%2Fcategories&post=21984"},{"taxonomy":"post_tag","embeddable":true,"href":"https:\/\/obscom.intervozes.org.br\/index.php?rest_route=%2Fwp%2Fv2%2Ftags&post=21984"}],"curies":[{"name":"wp","href":"https:\/\/api.w.org\/{rel}","templated":true}]}}