{"id":21980,"date":"2008-10-17T15:52:00","date_gmt":"2008-10-17T15:52:00","guid":{"rendered":"https:\/\/obscom.intervozes.org.br\/wordpress\/?p=21980"},"modified":"2008-10-17T15:52:00","modified_gmt":"2008-10-17T15:52:00","slug":"mj-flexibiliza-classificacao-indicativa-no-horario-de-verao","status":"publish","type":"post","link":"https:\/\/obscom.intervozes.org.br\/?p=21980","title":{"rendered":"MJ flexibiliza classifica\u00e7\u00e3o indicativa no hor\u00e1rio de ver\u00e3o"},"content":{"rendered":"<p><!-- \t\t@page { margin: 2cm } \t\tP { margin-bottom: 0.21cm } \t--><span class=\"padrao\"> O Minist&eacute;rio da Justi&ccedil;a acatou solicita&ccedil;&atilde;o feita pela Associa&ccedil;&atilde;o Brasileira de Emissoras de R&aacute;dio e TV (Abert) para que o &oacute;rg&atilde;o federal declarasse que o hor&aacute;rio de ver&atilde;o n&atilde;o &eacute; considerado um novo fuso hor&aacute;rio para fins de aplica&ccedil;&atilde;o da classifica&ccedil;&atilde;o indicativa dos programas de televis&atilde;o. O pedido das emissoras busca desobrig&aacute;-las de obedecer o hor&aacute;rio local nos estados do Nordeste, onde o rel&oacute;gio estar&aacute; uma hora atrasado em rela&ccedil;&atilde;o ao hor&aacute;rio das cidades onde est&atilde;o as cabe&ccedil;as-de-rede das emissoras a partir da 0h do domingo (19). Ou seja, as empresas queriam um salvo-conduto para, de outubro a fevereiro, transmitir programas em hor&aacute;rio inapropriado para esta regi&atilde;o.<\/p>\n<p>Segundo a Assessoria de Imprensa do Minist&eacute;rio da Justi&ccedil;a, a decis&atilde;o foi baseada em declara&ccedil;&atilde;o feita pelo pr&oacute;prio &oacute;rg&atilde;o no ano passado, em que se reconheceu que hor&aacute;rio de ver&atilde;o e fuso hor&aacute;rio n&atilde;o se equiparam. Mas a pasta ir&aacute; rever a medida caso haja um posicionamento desfavor&aacute;vel do Minist&eacute;rio P&uacute;blico Federal, que &eacute;, em &uacute;ltima inst&acirc;ncia, o respons&aacute;vel pela fiscaliza&ccedil;&atilde;o da aplica&ccedil;&atilde;o da classifica&ccedil;&atilde;o indicativa.<br \/><\/span><\/p>\n<p style=\"margin-bottom: 0cm\" class=\"western padrao\">Procurada pelo <strong>Observat&oacute;rio do Direito &agrave; Comunica&ccedil;&atilde;o<\/strong>, a Procuradoria Federal dos Direitos do Cidad&atilde;o declarou na noite de ontem (16) que ainda n&atilde;o havia sido informada oficialmente sobre a decis&atilde;o. Apenas depois deste comunicado oficial, o MPF poder&aacute; decidir sobre uma recomenda&ccedil;&atilde;o ao Minist&eacute;rio da Justi&ccedil;a. <\/p>\n<p>A rea&ccedil;&atilde;o de entidades da sociedade civil foi imediata. O Intervozes &ndash; Coletivo Brasil de Comunica&ccedil;&atilde;o Social enviou carta ao MPF solicitando que este pronuncie-se contra a suspens&atilde;o da validade do artigo 19 da Portaria 1.220\/07 que regulamentou a classifica&ccedil;&atilde;o indicativa durante o hor&aacute;rio de ver&atilde;o. O texto lembra que as outorgas de TV s&atilde;o concedidas regionalmente, portanto o as emissoras n&atilde;o devem ser tratadas &ldquo;como se fossem nacionalmente um grupo &uacute;nico&rdquo;. Al&eacute;m disso, o documento ressalta que h&aacute; jurisprud&ecirc;ncia, inclusive do Supremo Tribunal Federal, que aponta a rela&ccedil;&atilde;o de equival&ecirc;ncia entre hor&aacute;rio de ver&atilde;o e fuso hor&aacute;rio.   <\/p>\n<p>Para Guilherme Canela, da Ag&ecirc;ncia de Not&iacute;cias dos Direitos da Inf&acirc;ncia (Andi), n&atilde;o h&aacute; nenhuma raz&atilde;o para que o minist&eacute;rio modifique o entendimento consolidado na portaria de que a aplica&ccedil;&atilde;o da CI deve obedecer o hor&aacute;rio local. &ldquo;O esp&iacute;rito da regulamenta&ccedil;&atilde;o &eacute; que esta &eacute; uma regra fundamental&rdquo;, avalia Canela. Ele ressalta, ainda, que a publica&ccedil;&atilde;o da Portaria 1.220 teve como marca a democracia e a participa&ccedil;&atilde;o. &ldquo;Portanto, ela traz em si um elemento que n&atilde;o pode ser ignorado: qualquer processo de mudan&ccedil;a no seu conte&uacute;do deveria contar com a participa&ccedil;&atilde;o do mesmo conjunto de atores mobilizados &agrave; &eacute;poca. Uma decis&atilde;o monocr&aacute;tica do minist&eacute;rio, como essa, fere este princ&iacute;pio que est&aacute; contido na regula&ccedil;&atilde;o da classifica&ccedil;&atilde;o indicativa.&rdquo; <\/p>\n<p><strong>Hor&aacute;rio pol&ecirc;mico<\/strong><\/p>\n<p>A vincula&ccedil;&atilde;o entre a classifica&ccedil;&atilde;o indicativa e o hor&aacute;rio local foi um dos principais pontos da queda-de-bra&ccedil;o entre as emissoras e o MJ, com as entidades de defesa da crian&ccedil;a e do adolescente ao seu lado. &Agrave;s grandes redes nacionais de TV n&atilde;o interessava ter de adaptar suas grades de programa&ccedil;&atilde;o nos estados do Norte e Centro-Oeste, onde a diferen&ccedil;a em rela&ccedil;&atilde;o &agrave; Bras&iacute;lia era de duas horas no Acre e parte do Amazonas, chegando a tr&ecirc;s durante o hor&aacute;rio de ver&atilde;o.<\/p>\n<p>Publicada a portaria, a Abert mudou a estrat&eacute;gia e partiu para o Congresso Nacional, buscando modificar a lei que institui os fusos hor&aacute;rios do Brasil. Conseguiu que se aprovasse rapidamente a extin&ccedil;&atilde;o de um dos fusos, o do Acre, e a mudan&ccedil;a de hor&aacute;rio tamb&eacute;m na por&ccedil;&atilde;o oeste do Par&aacute;, que seguia a hora de Manaus e agora ajusta-se &agrave; Bras&iacute;lia.<\/p>\n<p>Nas &uacute;ltimas semanas, a mesma Abert passou a questionar o hor&aacute;rio de ver&atilde;o, que entra vigor pela 38a vez no pa&iacute;s e tem como objetivo a redu&ccedil;&atilde;o de consumo de energia el&eacute;trica. A alega&ccedil;&atilde;o da Abert &eacute; de que o hor&aacute;rio de ver&atilde;o n&atilde;o constitui um novo fuso hor&aacute;rio. <\/p>\n<p><strong>Indefens&aacute;vel<\/p>\n<p><\/strong>O Par&aacute;grafo &Uacute;nico do artigo 19 da Portaria 1.220 estipula que a &ldquo;vincula&ccedil;&atilde;o entre categorias de classifica&ccedil;&atilde;o e faixas hor&aacute;rias de  exibi&ccedil;&atilde;o implica a observ&acirc;ncia dos diferentes fusos hor&aacute;rios vigentes no pa&iacute;s&rdquo;. Portanto, por uma quest&atilde;o l&oacute;gica, a argumenta&ccedil;&atilde;o da Abert n&atilde;o sustenta a modifica&ccedil;&atilde;o das transmiss&otilde;es na regi&atilde;o Nordeste uma vez que a mudan&ccedil;a no hor&aacute;rio local se d&aacute; nos estados do Sul, Sudeste e Centro-Oeste (Goi&aacute;s e Distrito Federal).<\/p>\n<p>Assim, as emissoras teriam duas op&ccedil;&otilde;es. A primeira &eacute; ignorar, como defendem, o hor&aacute;rio de ver&atilde;o e seguir transmitindo de acordo com o fuso hor&aacute;rio original de Bras&iacute;lia, o que n&atilde;o acarretaria nenhum problema em rela&ccedil;&atilde;o &agrave; classifica&ccedil;&atilde;o indicativa. Isso porque um programa classificado para as 20h chegaria &agrave;s casas do Sul, Sudeste e Centro-Oeste &agrave;s 21h, respeitando a indica&ccedil;&atilde;o da portaria. A segunda &eacute; adiar a transmiss&atilde;o dos sinais em uma hora para as regi&otilde;es onde os rel&oacute;gios ser&atilde;o adiantados, caso queiram manter com rigor as suas grades de programa&ccedil;&atilde;o hist&oacute;ricas em todo o pa&iacute;s.<\/p>\n<p>O problema para as grandes redes &eacute; que suas &ldquo;cabe&ccedil;as&rdquo; est&atilde;o em S&atilde;o Paulo e no Rio de Janeiro. Inverter esta l&oacute;gica em favor do respeito aos direitos das crian&ccedil;as parece ser um custo muito alto para os empres&aacute;rios.<\/p>\n","protected":false},"excerpt":{"rendered":"<p>O Minist&eacute;rio da Justi&ccedil;a acatou solicita&ccedil;&atilde;o feita pela Associa&ccedil;&atilde;o Brasileira de Emissoras de R&aacute;dio e TV (Abert) para que o &oacute;rg&atilde;o federal declarasse que o hor&aacute;rio de ver&atilde;o n&atilde;o &eacute; considerado um novo fuso hor&aacute;rio para fins de aplica&ccedil;&atilde;o da classifica&ccedil;&atilde;o indicativa dos programas de televis&atilde;o. O pedido das emissoras busca desobrig&aacute;-las de obedecer o &hellip; <a href=\"https:\/\/obscom.intervozes.org.br\/?p=21980\" class=\"more-link\">Continue lendo <span class=\"screen-reader-text\">MJ flexibiliza classifica\u00e7\u00e3o indicativa no hor\u00e1rio de ver\u00e3o<\/span> <span class=\"meta-nav\">&rarr;<\/span><\/a><\/p>\n","protected":false},"author":1,"featured_media":0,"comment_status":"open","ping_status":"open","sticky":false,"template":"","format":"standard","meta":{"footnotes":""},"categories":[40],"tags":[891],"_links":{"self":[{"href":"https:\/\/obscom.intervozes.org.br\/index.php?rest_route=\/wp\/v2\/posts\/21980"}],"collection":[{"href":"https:\/\/obscom.intervozes.org.br\/index.php?rest_route=\/wp\/v2\/posts"}],"about":[{"href":"https:\/\/obscom.intervozes.org.br\/index.php?rest_route=\/wp\/v2\/types\/post"}],"author":[{"embeddable":true,"href":"https:\/\/obscom.intervozes.org.br\/index.php?rest_route=\/wp\/v2\/users\/1"}],"replies":[{"embeddable":true,"href":"https:\/\/obscom.intervozes.org.br\/index.php?rest_route=%2Fwp%2Fv2%2Fcomments&post=21980"}],"version-history":[{"count":0,"href":"https:\/\/obscom.intervozes.org.br\/index.php?rest_route=\/wp\/v2\/posts\/21980\/revisions"}],"wp:attachment":[{"href":"https:\/\/obscom.intervozes.org.br\/index.php?rest_route=%2Fwp%2Fv2%2Fmedia&parent=21980"}],"wp:term":[{"taxonomy":"category","embeddable":true,"href":"https:\/\/obscom.intervozes.org.br\/index.php?rest_route=%2Fwp%2Fv2%2Fcategories&post=21980"},{"taxonomy":"post_tag","embeddable":true,"href":"https:\/\/obscom.intervozes.org.br\/index.php?rest_route=%2Fwp%2Fv2%2Ftags&post=21980"}],"curies":[{"name":"wp","href":"https:\/\/api.w.org\/{rel}","templated":true}]}}