{"id":21976,"date":"2008-10-16T17:18:53","date_gmt":"2008-10-16T17:18:53","guid":{"rendered":"https:\/\/obscom.intervozes.org.br\/wordpress\/?p=21976"},"modified":"2008-10-16T17:18:53","modified_gmt":"2008-10-16T17:18:53","slug":"comissao-de-defesa-do-consumidor-fara-audiencias-sobre-pl-29","status":"publish","type":"post","link":"https:\/\/obscom.intervozes.org.br\/?p=21976","title":{"rendered":"Comiss\u00e3o de Defesa do Consumidor far\u00e1 audi\u00eancias sobre PL-29"},"content":{"rendered":"<p>   \t \t \t \t \t<!-- \t\t@page { margin: 2cm } \t\tP { margin-bottom: 0.21cm } \t--> \t  <\/p>\n<p style=\"margin-bottom: 0cm\" class=\"western padrao\">O presidente da Comiss&atilde;o de Defesa do Consumidor da C&acirc;mara, deputado Vital do R&ecirc;go Filho (PMDB-PB), decidiu reabrir os debates sobre o Projeto de Lei 29\/2007, que unifica a regulamenta&ccedil;&atilde;o da TV paga, permite &agrave;s teles entrar no mercado de audiovisual e cria medidas de prote&ccedil;&atilde;o ao conte&uacute;do nacional, da qual &eacute; relator. <\/p>\n<p>Para isso, apresentou requerimento propondo a realiza&ccedil;&atilde;o de uma quatro audi&ecirc;ncias p&uacute;blicas, com os dos principais representantes das quatro atividades da cadeia de valor da ind&uacute;stria de Tv paga: distribui&ccedil;&atilde;o, empacotamento, produ&ccedil;&atilde;o e programa&ccedil;&atilde;o de conte&uacute;do. <\/p>\n<p>Somente depois disso, apresentar&aacute; seu parecer sobre a mat&eacute;ria, que recebeu 27 novas emendas. O PL-29 somente voltar&aacute; &agrave; Comiss&atilde;o de Ci&ecirc;ncia e Tecnologia, onde ficou por quase um ano, depois de aprovado na de Defesa do Consumidor, que est&aacute; analisando a vers&atilde;o do projeto aprovada na Comiss&atilde;o de Desenvolvimento Econ&ocirc;mico, sem a inclus&atilde;o de cotas.<\/p>\n<p><strong>Audi&ecirc;ncias<\/strong><\/p>\n<p>A primeira audi&ecirc;ncia tratar&aacute; da distribui&ccedil;&atilde;o e ter&aacute; a participa&ccedil;&atilde;o do presidente da Anatel (Ag&ecirc;ncia Nacional de Telecomunica&ccedil;&otilde;es), Ronaldo Sardenberg; o presidente da Abrafix (Associa&ccedil;&atilde;o Brasileira de Concessin&aacute;rias de Servi&ccedil;o Telef&ocirc;nico Fixo Comutado), Jos&eacute; Pauletti; o presidente da Telebrasil (Associa&ccedil;&atilde;o Brasileira de Telecomunica&ccedil;&otilde;es), Antonio Carlos Valente; o presidente da Acel (Associa&ccedil;&atilde;o Nacional das Operadoras de Celulares), &Eacute;rcio Zilli; o presidente da ABTA (Associa&ccedil;&atilde;o Brasileira de TV por Assinatura), Alexandre Annenberg, que representar&aacute; as empresas Net, Sky e TVA; al&eacute;m de representantes dos &oacute;rg&atilde;os de defesa do consumidor.<\/p>\n<p>A segunda audi&ecirc;ncia p&uacute;blica debater&aacute; o PL-29 com os representantes das empresas de empacotamento. Para essa audi&ecirc;ncia ser&atilde;o convidados Fernando Ramos, diretor-geral da Net Brasil; Neusa Risette, diretora executiva da Associa&ccedil;&atilde;o Neo TV ; al&eacute;m dos representantes da Anatel e dos &oacute;rg&atilde;os de defesa do consumidor.<\/p>\n<p>Na audi&ecirc;ncia que tratar&aacute; da parte da produ&ccedil;&atilde;o de conte&uacute;do para TV paga, ser&atilde;o convidados o presidente da Ancine (Ag&ecirc;ncia Nacional do Cinema), Manoel Rangel; o presidente da ABPTI -(Associa&ccedil;&atilde;o Brasileira de Produtores Independentes de TV), Fernando Dias; o presidente do CBC (Congresso Brasileiro de Cinema &#8211; ), Paulo Rufino; o presidente da Abra (Associa&ccedil;&atilde;o Brasileira Radiodifusores), Am&iacute;lcare Dallevo; e representantes dos &oacute;rg&atilde;os de defesa do consumidor.<\/p>\n<p>A quarta e &uacute;ltima audi&ecirc;ncia p&uacute;blica, que tratar&aacute; de programa&ccedil;&atilde;o, ter&aacute; o presidente da Ancine e os representantes da Globosat; do Grupo Bandeirantes de Comunica&ccedil;&atilde;o; dos canais Abril de Televis&atilde;o; da ABPTA (Associa&ccedil;&atilde;o Brasileira das Programadoras de TV por Assinatura (canais internacionais) ; da Abert (Associa&ccedil;&atilde;o Brasileira das Emissoras de R&aacute;dio e Televis&atilde;o ); e dos &oacute;rg&atilde;os de defesa do consumidor.<\/p>\n<p>Vital do R&ecirc;go destaca a import&acirc;ncia dos debates para aperfei&ccedil;oar o projeto, que prop&otilde;e um novo marco regulat&oacute;rio para o mercado de TV por assinatura, com a finalidade de ampliar a competi&ccedil;&atilde;o e a concorr&ecirc;ncia num setor impactado fortemente pela converg&ecirc;ncia tecnol&oacute;gica, &ldquo;fruto da digitaliza&ccedil;&atilde;o das redes e da demanda do consumidor por oferta de produtos e multisservi&ccedil;os de banda larga &#8211; os servi&ccedil;os triple play (voz, internet e TV por assinatura)&rdquo;, disse. As audi&ecirc;ncias n&atilde;o t&ecirc;m prazo para ocorrer.  <\/p>\n","protected":false},"excerpt":{"rendered":"<p>O presidente da Comiss&atilde;o de Defesa do Consumidor da C&acirc;mara, deputado Vital do R&ecirc;go Filho (PMDB-PB), decidiu reabrir os debates sobre o Projeto de Lei 29\/2007, que unifica a regulamenta&ccedil;&atilde;o da TV paga, permite &agrave;s teles entrar no mercado de audiovisual e cria medidas de prote&ccedil;&atilde;o ao conte&uacute;do nacional, da qual &eacute; relator. Para isso, &hellip; <a href=\"https:\/\/obscom.intervozes.org.br\/?p=21976\" class=\"more-link\">Continue lendo <span class=\"screen-reader-text\">Comiss\u00e3o de Defesa do Consumidor far\u00e1 audi\u00eancias sobre PL-29<\/span> <span class=\"meta-nav\">&rarr;<\/span><\/a><\/p>\n","protected":false},"author":1,"featured_media":0,"comment_status":"open","ping_status":"open","sticky":false,"template":"","format":"standard","meta":{"footnotes":""},"categories":[40],"tags":[889],"_links":{"self":[{"href":"https:\/\/obscom.intervozes.org.br\/index.php?rest_route=\/wp\/v2\/posts\/21976"}],"collection":[{"href":"https:\/\/obscom.intervozes.org.br\/index.php?rest_route=\/wp\/v2\/posts"}],"about":[{"href":"https:\/\/obscom.intervozes.org.br\/index.php?rest_route=\/wp\/v2\/types\/post"}],"author":[{"embeddable":true,"href":"https:\/\/obscom.intervozes.org.br\/index.php?rest_route=\/wp\/v2\/users\/1"}],"replies":[{"embeddable":true,"href":"https:\/\/obscom.intervozes.org.br\/index.php?rest_route=%2Fwp%2Fv2%2Fcomments&post=21976"}],"version-history":[{"count":0,"href":"https:\/\/obscom.intervozes.org.br\/index.php?rest_route=\/wp\/v2\/posts\/21976\/revisions"}],"wp:attachment":[{"href":"https:\/\/obscom.intervozes.org.br\/index.php?rest_route=%2Fwp%2Fv2%2Fmedia&parent=21976"}],"wp:term":[{"taxonomy":"category","embeddable":true,"href":"https:\/\/obscom.intervozes.org.br\/index.php?rest_route=%2Fwp%2Fv2%2Fcategories&post=21976"},{"taxonomy":"post_tag","embeddable":true,"href":"https:\/\/obscom.intervozes.org.br\/index.php?rest_route=%2Fwp%2Fv2%2Ftags&post=21976"}],"curies":[{"name":"wp","href":"https:\/\/api.w.org\/{rel}","templated":true}]}}