{"id":21975,"date":"2008-10-16T17:15:24","date_gmt":"2008-10-16T17:15:24","guid":{"rendered":"https:\/\/obscom.intervozes.org.br\/wordpress\/?p=21975"},"modified":"2008-10-16T17:15:24","modified_gmt":"2008-10-16T17:15:24","slug":"em-ato-organizacoes-sociais-criticam-concentracao-dos-meios-de-comunicacao","status":"publish","type":"post","link":"https:\/\/obscom.intervozes.org.br\/?p=21975","title":{"rendered":"Em ato, organiza\u00e7\u00f5es sociais criticam concentra\u00e7\u00e3o dos meios de comunica\u00e7\u00e3o"},"content":{"rendered":"<p>   \t \t \t \t \t<!-- \t\t@page { margin: 2cm } \t\tP { margin-bottom: 0.21cm } \t--> \t     <\/p>\n<p style=\"margin-bottom: 0cm\" class=\"western padrao\">Movimentos sociais, sindicatos, estudantes e outras organiza&ccedil;&otilde;es populares realizaram na ter&ccedil;a-feira (14), no centro de S&atilde;o Paulo, um ato pol&iacute;tico contra a concentra&ccedil;&atilde;o dos meios de comunica&ccedil;&atilde;o e a falta de di&aacute;logo dos empres&aacute;rios da m&iacute;dia com a popula&ccedil;&atilde;o. A a&ccedil;&atilde;o faz parte da 6&ordf; Semana Nacional pela Democratiza&ccedil;&atilde;o da Comunica&ccedil;&atilde;o, que acontece em diversas regi&otilde;es do pa&iacute;s.<\/p>\n<p>Segundo Jo&atilde;o Brant, da coordena&ccedil;&atilde;o-executiva do Coletivo de Comunica&ccedil;&atilde;o Intervozes, as atividades na rua s&atilde;o fundamentais para o objetivo principal da Semana, que &eacute; levar o debate sobre a democratiza&ccedil;&atilde;o da comunica&ccedil;&atilde;o junto ao povo. &quot;N&atilde;o h&aacute; como fazer uma defesa da democratiza&ccedil;&atilde;o sem democratizar tamb&eacute;m a palavra, trazer o microfone para a pra&ccedil;a p&uacute;blica e ampliar o n&uacute;mero de pessoas e entidades que possam discutir o tema&quot;, afirma.<\/p>\n<p>Durante o ato, os manifestantes recolheram assinaturas de quem passava pelo cruzamento das avenidas S&atilde;o Bento e S&atilde;o Jo&atilde;o, na capital paulista, em favor da convoca&ccedil;&atilde;o da 1&ordf; Confer&ecirc;ncia Nacional de Comunica&ccedil;&atilde;o, um dos pilares dessa 6&ordf; edi&ccedil;&atilde;o da Semana. O texto pede que o Executivo federal forme um Grupo de Trabalho entre governo, empres&aacute;rios e sociedade civil para preparar a confer&ecirc;ncia, que tem o apoio Legislativo. <\/p>\n<p>As discuss&otilde;es da Semana envolvem, ainda, a outorga e a renova&ccedil;&atilde;o das concess&otilde;es de r&aacute;dio e televis&atilde;o e a criminaliza&ccedil;&atilde;o e invisibilidade dos movimentos sociais imposta pela m&iacute;dia corporativa. Na avalia&ccedil;&atilde;o do membro da executiva nacional da Central &Uacute;nica dos Trabalhadores (CUT), Antonio Carlos Spis, a conquista de novas formas de comunica&ccedil;&atilde;o deve ser uma das prioridades das organiza&ccedil;&otilde;es populares. <\/p>\n<p>Ele argumenta que, apesar de contar hoje com seus pr&oacute;prios meios, como portais na internet e outros informativos, esses grupos ainda carecem de canais para atingir mais pessoas. &quot;Se n&atilde;o houver um sinal aberto para disputar com as grandes emissoras, nossos panfletos seguramente n&atilde;o chegar&atilde;o ao conjunto da sociedade brasileira&quot;, alerta.<\/p>\n<p>O sindicalista lembra que, mesmo com a convers&atilde;o do sinal anal&oacute;gico para digital, com a inser&ccedil;&atilde;o de v&aacute;rios novos canais no r&aacute;dio e na televis&atilde;o, nenhum foi concedido a movimentos sociais, sindicais e estudantis. Para ele, &eacute; prova de que o modelo de concess&otilde;es atual serve para aumentar o lucro de grandes grupos econ&ocirc;micos. &quot;N&atilde;o se cobra nada sobre uma fortuna acumulada a partir de um sinal p&uacute;blico de televis&atilde;o. Deveria ter uma taxa&ccedil;&atilde;o em cima disso para a fam&iacute;lia Marinho, fam&iacute;lia Silvio Santos e outras fam&iacute;lias&quot;, defende.<\/p>\n<p>As atividades da Semana Nacional pela Democratiza&ccedil;&atilde;o da Comunica&ccedil;&atilde;o prosseguem at&eacute; o dia 18 de outubro, Dia Mundial pela Democracia na M&iacute;dia, com debates, semin&aacute;rios, manifesta&ccedil;&otilde;es e atra&ccedil;&otilde;es culturais.<\/p>\n","protected":false},"excerpt":{"rendered":"<p>Movimentos sociais, sindicatos, estudantes e outras organiza&ccedil;&otilde;es populares realizaram na ter&ccedil;a-feira (14), no centro de S&atilde;o Paulo, um ato pol&iacute;tico contra a concentra&ccedil;&atilde;o dos meios de comunica&ccedil;&atilde;o e a falta de di&aacute;logo dos empres&aacute;rios da m&iacute;dia com a popula&ccedil;&atilde;o. A a&ccedil;&atilde;o faz parte da 6&ordf; Semana Nacional pela Democratiza&ccedil;&atilde;o da Comunica&ccedil;&atilde;o, que acontece em diversas &hellip; <a href=\"https:\/\/obscom.intervozes.org.br\/?p=21975\" class=\"more-link\">Continue lendo <span class=\"screen-reader-text\">Em ato, organiza\u00e7\u00f5es sociais criticam concentra\u00e7\u00e3o dos meios de comunica\u00e7\u00e3o<\/span> <span class=\"meta-nav\">&rarr;<\/span><\/a><\/p>\n","protected":false},"author":1,"featured_media":0,"comment_status":"open","ping_status":"open","sticky":false,"template":"","format":"standard","meta":{"footnotes":""},"categories":[40],"tags":[830],"_links":{"self":[{"href":"https:\/\/obscom.intervozes.org.br\/index.php?rest_route=\/wp\/v2\/posts\/21975"}],"collection":[{"href":"https:\/\/obscom.intervozes.org.br\/index.php?rest_route=\/wp\/v2\/posts"}],"about":[{"href":"https:\/\/obscom.intervozes.org.br\/index.php?rest_route=\/wp\/v2\/types\/post"}],"author":[{"embeddable":true,"href":"https:\/\/obscom.intervozes.org.br\/index.php?rest_route=\/wp\/v2\/users\/1"}],"replies":[{"embeddable":true,"href":"https:\/\/obscom.intervozes.org.br\/index.php?rest_route=%2Fwp%2Fv2%2Fcomments&post=21975"}],"version-history":[{"count":0,"href":"https:\/\/obscom.intervozes.org.br\/index.php?rest_route=\/wp\/v2\/posts\/21975\/revisions"}],"wp:attachment":[{"href":"https:\/\/obscom.intervozes.org.br\/index.php?rest_route=%2Fwp%2Fv2%2Fmedia&parent=21975"}],"wp:term":[{"taxonomy":"category","embeddable":true,"href":"https:\/\/obscom.intervozes.org.br\/index.php?rest_route=%2Fwp%2Fv2%2Fcategories&post=21975"},{"taxonomy":"post_tag","embeddable":true,"href":"https:\/\/obscom.intervozes.org.br\/index.php?rest_route=%2Fwp%2Fv2%2Ftags&post=21975"}],"curies":[{"name":"wp","href":"https:\/\/api.w.org\/{rel}","templated":true}]}}