{"id":21974,"date":"2008-10-16T16:18:39","date_gmt":"2008-10-16T16:18:39","guid":{"rendered":"https:\/\/obscom.intervozes.org.br\/wordpress\/?p=21974"},"modified":"2008-10-16T16:18:39","modified_gmt":"2008-10-16T16:18:39","slug":"evento-em-sp-faz-balanco-sobre-emissoras-de-carater-nacional","status":"publish","type":"post","link":"https:\/\/obscom.intervozes.org.br\/?p=21974","title":{"rendered":"Evento em SP faz balan\u00e7o sobre emissoras de car\u00e1ter nacional"},"content":{"rendered":"\n<p style=\"margin-bottom: 0cm\" class=\"western padrao\">O primeiro balan&ccedil;o p&uacute;blico ap&oacute;s o vencimento das concess&otilde;es das &quot;cabe&ccedil;as&quot; das principais redes de TV de Brasil revelou um pouco mais da anarquia em que ocorrem os processos de outorga e renova&ccedil;&atilde;o das licen&ccedil;as de r&aacute;dio e TV no pa&iacute;s. Em semin&aacute;rio realizado na ter&ccedil;a (14) por organiza&ccedil;&otilde;es e movimentos sociais na cidade de S&atilde;o Paulo, o pr&oacute;prio representante da Rede Globo, Evandro Guimar&atilde;es, reconheceu a inexist&ecirc;ncia de um contrato firmado entre a Uni&atilde;o e as concession&aacute;rias de radiodifus&atilde;o.<\/p>\n<p>O evento realizado na C&acirc;mara Municipal de S&atilde;o Paulo foi convocado por entidades da sociedade civil e pelos vereadores Beto Cust&oacute;dio, Carlos Neder e Soninha Francine. Foram convidados para o semin&aacute;rio os representantes das redes Globo, Record e Bandeirantes, cujas concess&otilde;es na capital paulista venceram em 5 de outubro do ano passado, e do Minist&eacute;rio das Comunica&ccedil;&otilde;es. Destes, apenas a Globo enviou seu representante. Tamb&eacute;m participou da mesa a deputada federal Luiza Erundina (PSB-SP). A parlamentar presidiu a subcomiss&atilde;o da Comiss&atilde;o de Ci&ecirc;ncia e Tecnologia, Comunica&ccedil;&atilde;o e Inform&aacute;tica (CCTCI) que reuniu em um relat&oacute;rio propostas de mudan&ccedil;as nos crit&eacute;rios e procedimentos na outorga e renova&ccedil;&atilde;o de concess&otilde;es de r&aacute;dio e TV. O semin&aacute;rio faz parte da programa&ccedil;&atilde;o da Semana Nacional pela Democratiza&ccedil;&atilde;o da Comunica&ccedil;&atilde;o.<\/p>\n<p>Os depoimentos apresentados por sindicatos e movimentos sociais refor&ccedil;aram a id&eacute;ia de que a insufici&ecirc;ncia de regras e a aus&ecirc;ncia de fiscaliza&ccedil;&atilde;o abrem espa&ccedil;o para uma s&eacute;rie de distor&ccedil;&otilde;es no funcionamento das emissoras, que se distanciam claramente do interesse p&uacute;blico. O &uacute;nico representante das TVs n&atilde;o quis responder aos coment&aacute;rios sobre o tratamento dispensado &agrave;s minorias e movimentos populares, nem a perguntas sobre o respeito aos direitos das mulheres e das crian&ccedil;as e adolescentes. Mas se mostrou disposto a engrossar o coro dos descontentes com o que reconheceu como &quot;anarquia&quot;.<\/p>\n<p><strong>&quot;N&atilde;o nos interessa a anarquia&quot;<\/strong><\/p>\n<p>Segundo Evandro Guimar&atilde;es, &quot;aos concession&aacute;rios n&atilde;o interessa a anarquia&quot;. Entretanto, questionado se a Globo aceitaria assinar um contrato p&uacute;blico em que se comprometesse com cotas para a produ&ccedil;&atilde;o independente, a inclus&atilde;o de programas de debates no hor&aacute;rio nobre, limites para a publicidade infantil e a cria&ccedil;&atilde;o de uma ouvidoria, Guimar&atilde;es preferiu eximir-se de assumir tal compromisso &quot;em nome de uma empresa enorme&quot; como a que representa.<\/p>\n<p>Ficou claro, portanto, que o coment&aacute;rio de Guimar&atilde;es estava endere&ccedil;ado a seus concorrentes. Durante o semin&aacute;rio, foram apresentados dados sobre irregularidades envolvendo Record e Bandeirantes em rela&ccedil;&atilde;o aos limites legais de concess&otilde;es de um mesmo servi&ccedil;o para uma mesma entidade. O representante da Globo n&atilde;o citou diretamente estes casos, mas deixou claro, por exemplo, o descontentamento com a distribui&ccedil;&atilde;o de autoriza&ccedil;&otilde;es de TVs educativas para funda&ccedil;&otilde;es indevidamente classificadas como sem fim lucrativos.<\/p>\n<p>Em dado momento, Guimar&atilde;es chegou a afirmar que &quot;a simples aplica&ccedil;&atilde;o da lei j&aacute; daria uma melhora substantiva&quot; no quadro de descontrole no setor de radiodifus&atilde;o. Mas para Guimar&atilde;es, o fato de inexistir um contrato formal entre a Uni&atilde;o e as concession&aacute;rias n&atilde;o seria um problema, j&aacute; que o que ocorre &eacute;, em suas palavras, &ldquo;a ades&atilde;o autom&aacute;tica das empresas ao que est&aacute; no Decreto Presidencial 88.066 de 1983&rdquo;. O decreto define as obriga&ccedil;&otilde;es impostas &agrave;s entidades que assumem emissoras de r&aacute;dio e TV<a href=\"http:\/\/www.sulradio.com.br\/legislacao\/lei_d88066.asp\"> [veja o decreto aqui]<\/a>  .<\/p>\n<p>&Eacute; importante notar que, apesar de a Globo Participa&ccedil;&otilde;es S.A. obedecer ao limite legal e ter em seu nome cinco concess&otilde;es de geradoras de TV em estados diferentes, boa parte da rede de afiliadas da Globo estaria sujeita a enfrentar problemas com uma fiscaliza&ccedil;&atilde;o mais rigorosa, seja em rela&ccedil;&atilde;o aos limites de propriedade, sem com outras irregularidades, como as concess&otilde;es em nome de deputados e senadores. No caso das concess&otilde;es de r&aacute;dio, a empresa enfrentaria problemas diretamente. Em S&atilde;o Paulo, por exemplo, o grupo controla duas emissoras AM e uma FM.<\/p>\n<p><strong>Avalia&ccedil;&atilde;o popular<\/strong><\/p>\n<p>Na avalia&ccedil;&atilde;o feita pelos representantes dos movimentos sociais, o descontrole sobre as estruturas das empresas e grupos e os processos de concess&atilde;o refletem-se diretamente na programa&ccedil;&atilde;o das TVs. A representante da Articula&ccedil;&atilde;o Mulher &amp; M&iacute;dia, Rachel Moreno, criticou duramente o tratamento dispensado &ldquo;&agrave; metade da popula&ccedil;&atilde;o do pa&iacute;s&rdquo;. Segundo ela, a m&iacute;dia simplesmente ignora a revolu&ccedil;&atilde;o realizada pelas mulheres nas &uacute;ltimas d&eacute;cadas e segue promovendo valores e atitudes condizentes com uma rela&ccedil;&atilde;o entre g&ecirc;neros que inferioriza a mulher.<\/p>\n<p>Para S&ocirc;nia Coelho, da Marcha Mundial das Mulheres, o fato de o controle das emissoras estar concentrado na m&atilde;o de pouqu&iacute;ssimos grupos n&atilde;o s&oacute; esconde a luta das mulheres, mas torna invis&iacute;veis toda e qualquer a&ccedil;&atilde;o dos movimentos sociais. &ldquo;Outro dia, assisti no hor&aacute;rio nobre da TV 10 minutos de entrevista com o autor da m&uacute;sica &#39;Cr&eacute;u&#39;. N&atilde;o quero desmerecer um tipo de m&uacute;sica, mas por que o F&oacute;rum Social Mundial, que re&uacute;ne 100 mil pessoas e mais de 100 pa&iacute;ses de lutadores do mundo todo, n&atilde;o tem um minuto, dois minutos, &agrave;s vezes n&atilde;o tem nada?&rdquo;, questionou S&ocirc;nia. &ldquo;As TVs perseguem as lideran&ccedil;as que defendem os direitos humanos. Agradecem a audi&ecirc;ncia, mas nunca pediram desculpas por nada&rdquo;, refor&ccedil;a o coro Sebasti&atilde;o Nicomedes, do Movimento Nacional dos Moradores de Rua.<\/p>\n<p>Epis&oacute;dios de desrespeito aos direitos humanos e, especialmente, das crian&ccedil;as e adolescentes tamb&eacute;m foram lembrados. F&aacute;tima Nassif, do Conselho Regional de Psicologia, afirmou que &ldquo;causou muita estranheza que as TVs fizessem o poss&iacute;vel e o imposs&iacute;vel, por meio da Abert [Associa&ccedil;&atilde;o Brasileira de Emissoras de R&aacute;dio e TV], para n&atilde;o ter que obedecer a classifica&ccedil;&atilde;o indicativa&rdquo;. &ldquo;A classifica&ccedil;&atilde;o &eacute; o m&iacute;nimo essencial para o atendimento ao Estatuto da Crian&ccedil;a e do Adolescente na quest&atilde;o da comunica&ccedil;&atilde;o&rdquo;, disse.<\/p>\n<p>J&aacute; Ana&iacute; Arantes, da Associa&ccedil;&atilde;o Paulista de Defensores P&uacute;blicos, lembrou a responsabilidade das empresas de comunica&ccedil;&atilde;o na manuten&ccedil;&atilde;o de um modelo de Justi&ccedil;a e de pol&iacute;tica carcer&aacute;ria injusto e desumano. &ldquo;As emissoras geram esta sensa&ccedil;&atilde;o de inseguran&ccedil;a que leva o policial e o juiz a prender mais e, portanto, &agrave; superlota&ccedil;&atilde;o do sistema&rdquo;, comentou.<\/p>\n<p>Os sindicatos dos radialistas e dos jornalistas lembraram que o descontrole sobre a gest&atilde;o das concess&otilde;es de r&aacute;dio e TV reflete-se diretamente sobre as rela&ccedil;&otilde;es de trabalho dentro destas empresas. Para Edson Amaral, diretor do Sindicato dos Radialistas de S&atilde;o Paulo, &eacute; preciso que o pleno cumprimento das obriga&ccedil;&otilde;es trabalhistas seja um crit&eacute;rio fundamental para a renova&ccedil;&atilde;o das outorgas. &ldquo;Se for assim, no dia seguinte ser&atilde;o fechadas 3 mil emissoras em todo o pa&iacute;s&rdquo;, avaliou Amaral.<\/p>\n<p><strong>Seguem as audi&ecirc;ncias<\/strong><\/p>\n<p>O semin&aacute;rio em S&atilde;o Paulo foi convocado pela Coordena&ccedil;&atilde;o dos Movimentos Sociais (CMS), Campanha pela &Eacute;tica na TV, Rede Paulista pela Democratiza&ccedil;&atilde;o da Comunica&ccedil;&atilde;o e da Cultura e Assembl&eacute;ia Popular. Ainda dentro da programa&ccedil;&atilde;o da Semana Nacional pela Democratiza&ccedil;&atilde;o da Comunica&ccedil;&atilde;o, outros dois encontros semelhantes ser&atilde;o realizados em Bras&iacute;lia e no Rio de Janeiro.<\/p>\n<p>Os eventos locais servem como ensaio para as audi&ecirc;ncias p&uacute;blicas que dever&atilde;o ser realizadas na C&acirc;mara dos Deputados, possivelmente em novembro. As comiss&otilde;es de Ci&ecirc;ncia e Tecnologia, Comunica&ccedil;&atilde;o e Inform&aacute;tica e de Legisla&ccedil;&atilde;o Participativa aprovaram a convoca&ccedil;&atilde;o de audi&ecirc;ncias para analisar os processos de renova&ccedil;&atilde;o de emissoras de car&aacute;ter nacional. <\/p>\n<p>Como ressaltou a deputada Luiza Erundina, esta convoca&ccedil;&atilde;o &ndash; a primeira desde que a Constitui&ccedil;&atilde;o Federal instituiu o Congresso Nacional como avalizador dos processos de concess&atilde;o de radiodifus&atilde;o &ndash; s&oacute; foi poss&iacute;vel gra&ccedil;as &agrave; press&atilde;o exercida pela sociedade civil. Segundo ela, &eacute; preciso refor&ccedil;ar esta press&atilde;o para que tamb&eacute;m o relat&oacute;rio apresentado pela subcomiss&atilde;o que ela presidiu, e que institui mudan&ccedil;as ainda mais relevantes na avalia&ccedil;&atilde;o dos processos, seja aprovado.<\/p>\n","protected":false},"excerpt":{"rendered":"<p>Depoimentos dos movimentos sociais refor\u00e7am id\u00e9ia de que falta de regras e fiscaliza\u00e7\u00e3o abre espa\u00e7o para uma s\u00e9rie de distor\u00e7\u00f5es; representante da Globo afirma que n\u00e3o h\u00e1 um contrato entre Uni\u00e3o e concession\u00e1rias<\/p>\n","protected":false},"author":1,"featured_media":0,"comment_status":"open","ping_status":"open","sticky":false,"template":"","format":"standard","meta":{"footnotes":""},"categories":[40],"tags":[106],"_links":{"self":[{"href":"https:\/\/obscom.intervozes.org.br\/index.php?rest_route=\/wp\/v2\/posts\/21974"}],"collection":[{"href":"https:\/\/obscom.intervozes.org.br\/index.php?rest_route=\/wp\/v2\/posts"}],"about":[{"href":"https:\/\/obscom.intervozes.org.br\/index.php?rest_route=\/wp\/v2\/types\/post"}],"author":[{"embeddable":true,"href":"https:\/\/obscom.intervozes.org.br\/index.php?rest_route=\/wp\/v2\/users\/1"}],"replies":[{"embeddable":true,"href":"https:\/\/obscom.intervozes.org.br\/index.php?rest_route=%2Fwp%2Fv2%2Fcomments&post=21974"}],"version-history":[{"count":0,"href":"https:\/\/obscom.intervozes.org.br\/index.php?rest_route=\/wp\/v2\/posts\/21974\/revisions"}],"wp:attachment":[{"href":"https:\/\/obscom.intervozes.org.br\/index.php?rest_route=%2Fwp%2Fv2%2Fmedia&parent=21974"}],"wp:term":[{"taxonomy":"category","embeddable":true,"href":"https:\/\/obscom.intervozes.org.br\/index.php?rest_route=%2Fwp%2Fv2%2Fcategories&post=21974"},{"taxonomy":"post_tag","embeddable":true,"href":"https:\/\/obscom.intervozes.org.br\/index.php?rest_route=%2Fwp%2Fv2%2Ftags&post=21974"}],"curies":[{"name":"wp","href":"https:\/\/api.w.org\/{rel}","templated":true}]}}