{"id":21973,"date":"2008-10-16T15:27:15","date_gmt":"2008-10-16T15:27:15","guid":{"rendered":"https:\/\/obscom.intervozes.org.br\/wordpress\/?p=21973"},"modified":"2008-10-16T15:27:15","modified_gmt":"2008-10-16T15:27:15","slug":"tarso-genro-suspende-classificacao-indicativa-durante-periodo-do-horario-de-verao","status":"publish","type":"post","link":"https:\/\/obscom.intervozes.org.br\/?p=21973","title":{"rendered":"Tarso Genro suspende classifica\u00e7\u00e3o indicativa durante per\u00edodo do hor\u00e1rio de ver\u00e3o"},"content":{"rendered":"<p><u><strong>Reproduzido da coluna Outro Canal, da Folha de S. Paulo<\/strong><\/u><\/p>\n<p>   \t \t \t \t \t<!-- \t\t@page { margin: 2cm } \t\tP { margin-bottom: 0.21cm } \t--><span class=\"padrao\">O ministro da Justi&ccedil;a, Tarso Genro, cedeu &agrave;s press&otilde;es das TVs e suspendeu parcialmente o cumprimento da classifica&ccedil;&atilde;o indicativa no Brasil durante a vig&ecirc;ncia do hor&aacute;rio de ver&atilde;o, que come&ccedil;a neste s&aacute;bado.<\/p>\n<p>O ministro, entretanto, condicionou sua decis&atilde;o &agrave; concord&acirc;ncia do Minist&eacute;rio P&uacute;blico Federal (que tende a ser contra). Ou seja, em &eacute;poca eleitoral, Genro agradou &agrave;s redes de TV e jogou eventual desgaste pol&iacute;tico para o MPF.<\/p>\n<p>Se a decis&atilde;o for mantida, afiliadas do Nordeste, Mato Grosso e Mato Grosso do Sul n&atilde;o ter&atilde;o mais que atrasar a exibi&ccedil;&atilde;o de programas impr&oacute;prios para antes das 20h. As novelas das 21h da Globo e da Record (impr&oacute;prias para antes das 20h), por exemplo, poderiam ser exibidas nesses Estados &agrave;s 19h.<\/p>\n<p>Genro deferiu solicita&ccedil;&atilde;o da Abert, que representa Globo, SBT e Record. A entidade argumentou que hor&aacute;rio de ver&atilde;o &eacute; diferente de fuso hor&aacute;rio e que a portaria que instituiu a classifica&ccedil;&atilde;o indicativa as obriga a cumprir os fusos, mas n&atilde;o aborda o hor&aacute;rio de ver&atilde;o.<\/p>\n<p>As redes afirmaram ao ministro que respeitar integralmente a classifica&ccedil;&atilde;o indicativa durante o hor&aacute;rio de ver&atilde;o geraria &quot;dificuldades operacionais&quot; e aumento de custos. A Globo, por&eacute;m, j&aacute; divulga em seu site uma grade para o Sudeste, outra para os Estados com uma hora a menos que Bras&iacute;lia e outra para os com duas horas a menos (AM, AC, RO e RR).<\/span> <\/p>\n","protected":false},"excerpt":{"rendered":"<p>Reproduzido da coluna Outro Canal, da Folha de S. Paulo O ministro da Justi&ccedil;a, Tarso Genro, cedeu &agrave;s press&otilde;es das TVs e suspendeu parcialmente o cumprimento da classifica&ccedil;&atilde;o indicativa no Brasil durante a vig&ecirc;ncia do hor&aacute;rio de ver&atilde;o, que come&ccedil;a neste s&aacute;bado. O ministro, entretanto, condicionou sua decis&atilde;o &agrave; concord&acirc;ncia do Minist&eacute;rio P&uacute;blico Federal (que &hellip; <a href=\"https:\/\/obscom.intervozes.org.br\/?p=21973\" class=\"more-link\">Continue lendo <span class=\"screen-reader-text\">Tarso Genro suspende classifica\u00e7\u00e3o indicativa durante per\u00edodo do hor\u00e1rio de ver\u00e3o<\/span> <span class=\"meta-nav\">&rarr;<\/span><\/a><\/p>\n","protected":false},"author":1,"featured_media":0,"comment_status":"open","ping_status":"open","sticky":false,"template":"","format":"standard","meta":{"footnotes":""},"categories":[39],"tags":[],"_links":{"self":[{"href":"https:\/\/obscom.intervozes.org.br\/index.php?rest_route=\/wp\/v2\/posts\/21973"}],"collection":[{"href":"https:\/\/obscom.intervozes.org.br\/index.php?rest_route=\/wp\/v2\/posts"}],"about":[{"href":"https:\/\/obscom.intervozes.org.br\/index.php?rest_route=\/wp\/v2\/types\/post"}],"author":[{"embeddable":true,"href":"https:\/\/obscom.intervozes.org.br\/index.php?rest_route=\/wp\/v2\/users\/1"}],"replies":[{"embeddable":true,"href":"https:\/\/obscom.intervozes.org.br\/index.php?rest_route=%2Fwp%2Fv2%2Fcomments&post=21973"}],"version-history":[{"count":0,"href":"https:\/\/obscom.intervozes.org.br\/index.php?rest_route=\/wp\/v2\/posts\/21973\/revisions"}],"wp:attachment":[{"href":"https:\/\/obscom.intervozes.org.br\/index.php?rest_route=%2Fwp%2Fv2%2Fmedia&parent=21973"}],"wp:term":[{"taxonomy":"category","embeddable":true,"href":"https:\/\/obscom.intervozes.org.br\/index.php?rest_route=%2Fwp%2Fv2%2Fcategories&post=21973"},{"taxonomy":"post_tag","embeddable":true,"href":"https:\/\/obscom.intervozes.org.br\/index.php?rest_route=%2Fwp%2Fv2%2Ftags&post=21973"}],"curies":[{"name":"wp","href":"https:\/\/api.w.org\/{rel}","templated":true}]}}