{"id":21971,"date":"2008-10-15T19:21:29","date_gmt":"2008-10-15T19:21:29","guid":{"rendered":"https:\/\/obscom.intervozes.org.br\/wordpress\/?p=21971"},"modified":"2008-10-15T19:21:29","modified_gmt":"2008-10-15T19:21:29","slug":"ministerio-suspende-uso-de-descricao-de-cena-na-tv-e-abre-consulta-publica","status":"publish","type":"post","link":"https:\/\/obscom.intervozes.org.br\/?p=21971","title":{"rendered":"Minist\u00e9rio suspende uso de descri\u00e7\u00e3o de cena na TV e abre consulta p\u00fablica"},"content":{"rendered":"<p> \t<!-- \t\t@page { margin: 2cm } \t\tP { margin-bottom: 0.21cm } \t--> \t  <\/p>\n<p style=\"margin-bottom: 0cm\" class=\"western padrao\">O Minist&eacute;rio das Comunica&ccedil;&otilde;es suspendeu novamente a aplica&ccedil;&atilde;o da descri&ccedil;&atilde;o de cenas em programas de televis&atilde;o, a chamada &aacute;udio-descri&ccedil;&atilde;o, prevista na Norma Complementar 01\/2006, que regulamenta a Lei da Acessibilidade (10.098\/00), em portaria publicada na edi&ccedil;&atilde;o de hoje do Di&aacute;rio Oficial da Uni&atilde;o. A justificativa &eacute; de que a t&eacute;cnica &eacute; ainda incipiente no mundo e, da forma como est&aacute; proposta, n&atilde;o agrada nem aos radiodifusores nem aos deficientes visuais. Com base nesses argumentos, o Minicom abriu nova consulta p&uacute;blica para debater amplamente o tema com a sociedade.<\/p>\n<p>Segundo o consultor jur&iacute;dico do minist&eacute;rio, Marcelo Bechara, a decis&atilde;o de usar a &aacute;udio-descri&ccedil;&atilde;o foi tomada em 2006, quando ainda se discutia a implanta&ccedil;&atilde;o da TV digital no pa&iacute;s e agora, que j&aacute; &eacute; uma realidade, o tema precisa ser debatido novamente, para adapta&ccedil;&atilde;o &agrave; nova realidade. Ele admitiu a press&atilde;o dos radiodifusores contra a &aacute;udio-descri&ccedil;&atilde;o porque a t&eacute;cnica depende de equipamentos importados e caros e tamb&eacute;m de pessoal especializado, de dif&iacute;cil aquisi&ccedil;&atilde;o no mercado.<\/p>\n<p>A consulta p&uacute;blica sobre o tema segue o modelo da feita pelo Minicom sobre pol&iacute;ticas p&uacute;blicas de telecomunica&ccedil;&otilde;es, por meio de perguntas, e prev&ecirc; a contribui&ccedil;&atilde;o da sociedade desde que tipo de programa deve receber a &aacute;udio-descri&ccedil;&atilde;o at&eacute; que tipo de plataforma poderia ser usada para oferecer o servi&ccedil;o. As contribui&ccedil;&otilde;es podem ser enviadas de hoje at&eacute; 31 de janeiro de 2009 e j&aacute; est&atilde;o previstas audi&ecirc;ncias p&uacute;blicas sobre o tema, assim como a disponibiliza&ccedil;&atilde;o das sugest&otilde;es recebidas para r&eacute;picla. Com isso, a implanta&ccedil;&atilde;o da &aacute;udio-descri&ccedil;&atilde;o dever&aacute; acontecer somente no segundo semestre de 2009.<\/p>\n<p><strong>Novas plataformas<\/strong><\/p>\n<p>Bechara lembra que a &aacute;udio-descri&ccedil;&atilde;o est&aacute; muito baseada na tecla SAP e que em muitos aparelhos o acesso a ela somente pode ser por meio do menu, o que dificultaria muito a utiliza&ccedil;&atilde;o do servi&ccedil;o pelos deficientes auditivos. Ele defende que outras plataformas sejam estudadas, como o Protocolo IP, a radiodifus&atilde;o e at&eacute; a telefonia m&oacute;vel para oferecimento do servi&ccedil;o. &quot;Em Portugal, por exemplo, a &aacute;udio-descri&ccedil;&atilde;o &eacute; oferecida via r&aacute;dio&quot;, disse.<\/p>\n<p>O prazo inicial de uso da &aacute;udio-descri&ccedil;&atilde;o estava previsto para o m&ecirc;s de junho passado, mas foi suspenso por portaria do Minicom, a pedido da Abert (Associa&ccedil;&atilde;o Brasileira de Emissoras de R&aacute;dio e Televis&atilde;o),sob o argumento da indisponibilidade de profissionais especializados na produ&ccedil;&atilde;o do recurso no mercado nacional. Em julho, nova portaria do Minicom dava prazo de 90 dias para que a t&eacute;cnica fosse implantada gradativamente, prazo que terminaria agora.<\/p>\n<p>Marcelo Bechara ressaltou que as emissoras de TV j&aacute; oferecem outros dispositivos previstos na Lei da Acessibilidade, como legenda oculta (closed caption) e janela de Libras, em partes de suas programa&ccedil;&otilde;es.<\/p>\n","protected":false},"excerpt":{"rendered":"<p>O Minist&eacute;rio das Comunica&ccedil;&otilde;es suspendeu novamente a aplica&ccedil;&atilde;o da descri&ccedil;&atilde;o de cenas em programas de televis&atilde;o, a chamada &aacute;udio-descri&ccedil;&atilde;o, prevista na Norma Complementar 01\/2006, que regulamenta a Lei da Acessibilidade (10.098\/00), em portaria publicada na edi&ccedil;&atilde;o de hoje do Di&aacute;rio Oficial da Uni&atilde;o. A justificativa &eacute; de que a t&eacute;cnica &eacute; ainda incipiente no mundo &hellip; <a href=\"https:\/\/obscom.intervozes.org.br\/?p=21971\" class=\"more-link\">Continue lendo <span class=\"screen-reader-text\">Minist\u00e9rio suspende uso de descri\u00e7\u00e3o de cena na TV e abre consulta p\u00fablica<\/span> <span class=\"meta-nav\">&rarr;<\/span><\/a><\/p>\n","protected":false},"author":1,"featured_media":0,"comment_status":"open","ping_status":"open","sticky":false,"template":"","format":"standard","meta":{"footnotes":""},"categories":[40],"tags":[890],"_links":{"self":[{"href":"https:\/\/obscom.intervozes.org.br\/index.php?rest_route=\/wp\/v2\/posts\/21971"}],"collection":[{"href":"https:\/\/obscom.intervozes.org.br\/index.php?rest_route=\/wp\/v2\/posts"}],"about":[{"href":"https:\/\/obscom.intervozes.org.br\/index.php?rest_route=\/wp\/v2\/types\/post"}],"author":[{"embeddable":true,"href":"https:\/\/obscom.intervozes.org.br\/index.php?rest_route=\/wp\/v2\/users\/1"}],"replies":[{"embeddable":true,"href":"https:\/\/obscom.intervozes.org.br\/index.php?rest_route=%2Fwp%2Fv2%2Fcomments&post=21971"}],"version-history":[{"count":0,"href":"https:\/\/obscom.intervozes.org.br\/index.php?rest_route=\/wp\/v2\/posts\/21971\/revisions"}],"wp:attachment":[{"href":"https:\/\/obscom.intervozes.org.br\/index.php?rest_route=%2Fwp%2Fv2%2Fmedia&parent=21971"}],"wp:term":[{"taxonomy":"category","embeddable":true,"href":"https:\/\/obscom.intervozes.org.br\/index.php?rest_route=%2Fwp%2Fv2%2Fcategories&post=21971"},{"taxonomy":"post_tag","embeddable":true,"href":"https:\/\/obscom.intervozes.org.br\/index.php?rest_route=%2Fwp%2Fv2%2Ftags&post=21971"}],"curies":[{"name":"wp","href":"https:\/\/api.w.org\/{rel}","templated":true}]}}