{"id":21967,"date":"2008-10-15T19:01:02","date_gmt":"2008-10-15T19:01:02","guid":{"rendered":"https:\/\/obscom.intervozes.org.br\/wordpress\/?p=21967"},"modified":"2008-10-15T19:01:02","modified_gmt":"2008-10-15T19:01:02","slug":"ministerio-suspende-audiencias-sobre-regulamentacao-da-profissao-de-jornalista","status":"publish","type":"post","link":"https:\/\/obscom.intervozes.org.br\/?p=21967","title":{"rendered":"Minist\u00e9rio suspende audi\u00eancias sobre regulamenta\u00e7\u00e3o da profiss\u00e3o de jornalista"},"content":{"rendered":"<p> \t<!-- \t\t@page { margin: 2cm } \t\tP { margin-bottom: 0.21cm } \t--> \t <\/p>\n<p style=\"margin-bottom: 0cm\" class=\"western\">O Minist&eacute;rio do Trabalho e Emprego (MTE) suspendeu a realiza&ccedil;&atilde;o das audi&ecirc;ncias p&uacute;blicas que estavam agendadas para o Rio de Janeiro (20\/10) e S&atilde;o Paulo (29\/10). A decis&atilde;o foi motivada pela sa&iacute;da dos representantes das entidades patronais do grupo de estudo que discute a regulamenta&ccedil;&atilde;o da profiss&atilde;o de jornalista. O governo pretende se reunir separadamente com os sindicatos e as entidades patronais para redefinir os rumos da discuss&atilde;o e, assim, trazer os empres&aacute;rios de volta ao grupo. <\/p>\n<p>A Associa&ccedil;&atilde;o Nacional de Jornais afirma que a decis&atilde;o de n&atilde;o participar das discuss&otilde;es at&eacute; que o Supremo Tribunal Federal julgue a exig&ecirc;ncia ou n&atilde;o do diploma ser&aacute; mantida.<\/p>\n<p>Das seis audi&ecirc;ncias p&uacute;blicas previstas, tr&ecirc;s j&aacute; aconteceram. O grupo se reuniu em Recife, Porto Alegre e Bras&iacute;lia. O encontro de Bel&eacute;m estava marcado para a &uacute;ltima sexta-feira (10\/10), mas foi adiado por causa dos festejos do C&iacute;rio de Nazar&eacute;.<\/p>\n<p><em>Com informa&ccedil;&otilde;es do Comunique-se.<\/em><\/p>\n","protected":false},"excerpt":{"rendered":"<p>O Minist&eacute;rio do Trabalho e Emprego (MTE) suspendeu a realiza&ccedil;&atilde;o das audi&ecirc;ncias p&uacute;blicas que estavam agendadas para o Rio de Janeiro (20\/10) e S&atilde;o Paulo (29\/10). A decis&atilde;o foi motivada pela sa&iacute;da dos representantes das entidades patronais do grupo de estudo que discute a regulamenta&ccedil;&atilde;o da profiss&atilde;o de jornalista. O governo pretende se reunir separadamente &hellip; <a href=\"https:\/\/obscom.intervozes.org.br\/?p=21967\" class=\"more-link\">Continue lendo <span class=\"screen-reader-text\">Minist\u00e9rio suspende audi\u00eancias sobre regulamenta\u00e7\u00e3o da profiss\u00e3o de jornalista<\/span> <span class=\"meta-nav\">&rarr;<\/span><\/a><\/p>\n","protected":false},"author":1,"featured_media":0,"comment_status":"open","ping_status":"open","sticky":false,"template":"","format":"standard","meta":{"footnotes":""},"categories":[39],"tags":[],"_links":{"self":[{"href":"https:\/\/obscom.intervozes.org.br\/index.php?rest_route=\/wp\/v2\/posts\/21967"}],"collection":[{"href":"https:\/\/obscom.intervozes.org.br\/index.php?rest_route=\/wp\/v2\/posts"}],"about":[{"href":"https:\/\/obscom.intervozes.org.br\/index.php?rest_route=\/wp\/v2\/types\/post"}],"author":[{"embeddable":true,"href":"https:\/\/obscom.intervozes.org.br\/index.php?rest_route=\/wp\/v2\/users\/1"}],"replies":[{"embeddable":true,"href":"https:\/\/obscom.intervozes.org.br\/index.php?rest_route=%2Fwp%2Fv2%2Fcomments&post=21967"}],"version-history":[{"count":0,"href":"https:\/\/obscom.intervozes.org.br\/index.php?rest_route=\/wp\/v2\/posts\/21967\/revisions"}],"wp:attachment":[{"href":"https:\/\/obscom.intervozes.org.br\/index.php?rest_route=%2Fwp%2Fv2%2Fmedia&parent=21967"}],"wp:term":[{"taxonomy":"category","embeddable":true,"href":"https:\/\/obscom.intervozes.org.br\/index.php?rest_route=%2Fwp%2Fv2%2Fcategories&post=21967"},{"taxonomy":"post_tag","embeddable":true,"href":"https:\/\/obscom.intervozes.org.br\/index.php?rest_route=%2Fwp%2Fv2%2Ftags&post=21967"}],"curies":[{"name":"wp","href":"https:\/\/api.w.org\/{rel}","templated":true}]}}