{"id":21954,"date":"2008-10-13T18:20:13","date_gmt":"2008-10-13T18:20:13","guid":{"rendered":"https:\/\/obscom.intervozes.org.br\/wordpress\/?p=21954"},"modified":"2008-10-13T18:20:13","modified_gmt":"2008-10-13T18:20:13","slug":"lula-critica-restricao-do-tse-a-propaganda-eleitoral-na-web","status":"publish","type":"post","link":"https:\/\/obscom.intervozes.org.br\/?p=21954","title":{"rendered":"Lula critica restri\u00e7\u00e3o do TSE \u00e0 propaganda eleitoral na web"},"content":{"rendered":"<p>   \t \t \t \t \t<!-- \t\t@page { margin: 2cm } \t\tP { margin-bottom: 0.21cm } \t--> \t  <\/p>\n<p style=\"margin-bottom: 0cm\" class=\"western padrao\">A restri&ccedil;&atilde;o imposta pelo Tribunal Superior Eleitoral (TSE) de candidatos usarem a internet para fazer propaganda eleitoral foi alvo de cr&iacute;ticas na &uacute;ltima sexta-feira (10\/10) pelo presidente Luiz In&aacute;cio Lula da Silva. &quot;Eu acho que negar a informa&ccedil;&atilde;o ou proibir as pessoas de fazerem a propaganda que quiserem fazer de seus candidatos &eacute; negar o direito de express&atilde;o, que &eacute; t&atilde;o leg&iacute;timo quanto qualquer outra coisa que pode passar na internet&quot;, disse Lula em entrevista ao UOL, Terra, G1 (Globo), iG e blog Lim&atilde;o, do Grupo Estado.<\/p>\n<p>Para o presidente, alguns se utilizam da web para realizar ataques e &eacute; preciso ter responsabilidade. &ldquo;Se voc&ecirc; for candidato e estiver sendo v&iacute;tima da internet, certamente concordaria [com a proibi&ccedil;&atilde;o do TSE]. Se voc&ecirc; for um cidad&atilde;o brasileiro ou o presidente da Rep&uacute;blica, que ama a liberdade de express&atilde;o e de comunica&ccedil;&atilde;o, n&oacute;s achamos que precisamos cuidar da melhor maneira poss&iacute;vel para que os meios de comunica&ccedil;&atilde;o, inclusive a internet, funcionem da forma mais aberta e com a maior responsabilidade poss&iacute;vel&rdquo;.<\/p>\n<p>Em decis&atilde;o, em 9 de setembro, o TSE liberou os partidos pol&iacute;ticos para fazer propaganda eleitoral em suas p&aacute;ginas, modificando o artigo 18 da resolu&ccedil;&atilde;o sobre o tema, que limitava a propaganda ao site mantido pelo candidato. At&eacute; ent&atilde;o, a propaganda eleitoral era permitida apenas na p&aacute;gina do candidato destinada exclusivamente &agrave; campanha. <\/p>\n<p><em>Com informa&ccedil;&otilde;es da Folha de S. Paulo.<\/em><\/p>\n","protected":false},"excerpt":{"rendered":"<p>A restri&ccedil;&atilde;o imposta pelo Tribunal Superior Eleitoral (TSE) de candidatos usarem a internet para fazer propaganda eleitoral foi alvo de cr&iacute;ticas na &uacute;ltima sexta-feira (10\/10) pelo presidente Luiz In&aacute;cio Lula da Silva. &quot;Eu acho que negar a informa&ccedil;&atilde;o ou proibir as pessoas de fazerem a propaganda que quiserem fazer de seus candidatos &eacute; negar o &hellip; <a href=\"https:\/\/obscom.intervozes.org.br\/?p=21954\" class=\"more-link\">Continue lendo <span class=\"screen-reader-text\">Lula critica restri\u00e7\u00e3o do TSE \u00e0 propaganda eleitoral na web<\/span> <span class=\"meta-nav\">&rarr;<\/span><\/a><\/p>\n","protected":false},"author":1,"featured_media":0,"comment_status":"open","ping_status":"open","sticky":false,"template":"","format":"standard","meta":{"footnotes":""},"categories":[40],"tags":[717],"_links":{"self":[{"href":"https:\/\/obscom.intervozes.org.br\/index.php?rest_route=\/wp\/v2\/posts\/21954"}],"collection":[{"href":"https:\/\/obscom.intervozes.org.br\/index.php?rest_route=\/wp\/v2\/posts"}],"about":[{"href":"https:\/\/obscom.intervozes.org.br\/index.php?rest_route=\/wp\/v2\/types\/post"}],"author":[{"embeddable":true,"href":"https:\/\/obscom.intervozes.org.br\/index.php?rest_route=\/wp\/v2\/users\/1"}],"replies":[{"embeddable":true,"href":"https:\/\/obscom.intervozes.org.br\/index.php?rest_route=%2Fwp%2Fv2%2Fcomments&post=21954"}],"version-history":[{"count":0,"href":"https:\/\/obscom.intervozes.org.br\/index.php?rest_route=\/wp\/v2\/posts\/21954\/revisions"}],"wp:attachment":[{"href":"https:\/\/obscom.intervozes.org.br\/index.php?rest_route=%2Fwp%2Fv2%2Fmedia&parent=21954"}],"wp:term":[{"taxonomy":"category","embeddable":true,"href":"https:\/\/obscom.intervozes.org.br\/index.php?rest_route=%2Fwp%2Fv2%2Fcategories&post=21954"},{"taxonomy":"post_tag","embeddable":true,"href":"https:\/\/obscom.intervozes.org.br\/index.php?rest_route=%2Fwp%2Fv2%2Ftags&post=21954"}],"curies":[{"name":"wp","href":"https:\/\/api.w.org\/{rel}","templated":true}]}}