{"id":21950,"date":"2008-10-13T17:07:05","date_gmt":"2008-10-13T17:07:05","guid":{"rendered":"https:\/\/obscom.intervozes.org.br\/wordpress\/?p=21950"},"modified":"2008-10-13T17:07:05","modified_gmt":"2008-10-13T17:07:05","slug":"tvs-movimentam-se-para-anular-efeitos-do-horario-de-verao-em-sua-programacao","status":"publish","type":"post","link":"https:\/\/obscom.intervozes.org.br\/?p=21950","title":{"rendered":"TVs movimentam-se para anular efeitos do hor\u00e1rio de ver\u00e3o em sua programa\u00e7\u00e3o"},"content":{"rendered":"<p>   \t \t \t \t \t<!-- \t\t@page { margin: 2cm } \t\tP { margin-bottom: 0.21cm } \t--> \t  <\/p>\n<p style=\"margin-bottom: 0cm\" class=\"western padrao\"><u><strong>Reproduzido da coluna Outro Canal, da Folha de S. Paulo<\/strong><\/u><\/p>\n<p>Globo, Record e SBT articularam um forte movimento para tentar, nesta semana, anular os efeitos do hor&aacute;rio de ver&atilde;o na classifica&ccedil;&atilde;o indicativa.<\/p>\n<p>O pr&oacute;ximo hor&aacute;rio de ver&atilde;o, que come&ccedil;a s&aacute;bado, ser&aacute; o primeiro sob a vig&ecirc;ncia de portaria do Minist&eacute;rio da Justi&ccedil;a que obriga as redes a cumprirem a classifica&ccedil;&atilde;o indicativa nos Estados com fusos diferentes do de Bras&iacute;lia. O Nordeste ficar&aacute; uma hora defasado em rela&ccedil;&atilde;o ao Sudeste. Estados como Amazonas e o Mato Grosso ficar&atilde;o duas horas defasados.<\/p>\n<p>Na semana passada, as emissoras fizeram consultas aos minist&eacute;rios das Minas e Energia e da Justi&ccedil;a questionando se hor&aacute;rio de ver&atilde;o &eacute; diferente de fuso hor&aacute;rio. Se a resposta for sim, elas ficar&atilde;o desobrigadas de cumprir a classifica&ccedil;&atilde;o indicativa integralmente.<\/p>\n<p>Segundo a Abert, entidade que congrega Globo, SBT e Record, amanh&atilde; as redes apresentar&atilde;o estudos sobre os impactos que o hor&aacute;rio de ver&atilde;o ter&aacute; em suas programa&ccedil;&otilde;es.<\/p>\n<p>A Globo e a Record ter&atilde;o s&eacute;rios problemas. Classificada como impr&oacute;pria para menores de 12 anos, inadequada antes das 20h, &quot;Os Mutantes&quot; (Record) passar&aacute; a entrar em parte do Norte &agrave;s 19h. A Globo j&aacute; tem uma grade especial para os Estados com fuso de -1h (que passar&atilde;o a -2h), ent&atilde;o n&atilde;o enfrentar&aacute; novas dificuldades agora. Mas ter&aacute; quando estrear &quot;Big Brother Brasil&quot;, impr&oacute;prio para menores de 16 anos (22h).<\/p>\n","protected":false},"excerpt":{"rendered":"<p>Reproduzido da coluna Outro Canal, da Folha de S. Paulo Globo, Record e SBT articularam um forte movimento para tentar, nesta semana, anular os efeitos do hor&aacute;rio de ver&atilde;o na classifica&ccedil;&atilde;o indicativa. O pr&oacute;ximo hor&aacute;rio de ver&atilde;o, que come&ccedil;a s&aacute;bado, ser&aacute; o primeiro sob a vig&ecirc;ncia de portaria do Minist&eacute;rio da Justi&ccedil;a que obriga as &hellip; <a href=\"https:\/\/obscom.intervozes.org.br\/?p=21950\" class=\"more-link\">Continue lendo <span class=\"screen-reader-text\">TVs movimentam-se para anular efeitos do hor\u00e1rio de ver\u00e3o em sua programa\u00e7\u00e3o<\/span> <span class=\"meta-nav\">&rarr;<\/span><\/a><\/p>\n","protected":false},"author":1,"featured_media":0,"comment_status":"open","ping_status":"open","sticky":false,"template":"","format":"standard","meta":{"footnotes":""},"categories":[39],"tags":[],"_links":{"self":[{"href":"https:\/\/obscom.intervozes.org.br\/index.php?rest_route=\/wp\/v2\/posts\/21950"}],"collection":[{"href":"https:\/\/obscom.intervozes.org.br\/index.php?rest_route=\/wp\/v2\/posts"}],"about":[{"href":"https:\/\/obscom.intervozes.org.br\/index.php?rest_route=\/wp\/v2\/types\/post"}],"author":[{"embeddable":true,"href":"https:\/\/obscom.intervozes.org.br\/index.php?rest_route=\/wp\/v2\/users\/1"}],"replies":[{"embeddable":true,"href":"https:\/\/obscom.intervozes.org.br\/index.php?rest_route=%2Fwp%2Fv2%2Fcomments&post=21950"}],"version-history":[{"count":0,"href":"https:\/\/obscom.intervozes.org.br\/index.php?rest_route=\/wp\/v2\/posts\/21950\/revisions"}],"wp:attachment":[{"href":"https:\/\/obscom.intervozes.org.br\/index.php?rest_route=%2Fwp%2Fv2%2Fmedia&parent=21950"}],"wp:term":[{"taxonomy":"category","embeddable":true,"href":"https:\/\/obscom.intervozes.org.br\/index.php?rest_route=%2Fwp%2Fv2%2Fcategories&post=21950"},{"taxonomy":"post_tag","embeddable":true,"href":"https:\/\/obscom.intervozes.org.br\/index.php?rest_route=%2Fwp%2Fv2%2Ftags&post=21950"}],"curies":[{"name":"wp","href":"https:\/\/api.w.org\/{rel}","templated":true}]}}