{"id":21945,"date":"2008-10-10T18:46:49","date_gmt":"2008-10-10T18:46:49","guid":{"rendered":"https:\/\/obscom.intervozes.org.br\/wordpress\/?p=21945"},"modified":"2008-10-10T18:46:49","modified_gmt":"2008-10-10T18:46:49","slug":"sem-entidades-patronais-terceira-audiencia-publica-e-a-mais-produtiva","status":"publish","type":"post","link":"https:\/\/obscom.intervozes.org.br\/?p=21945","title":{"rendered":"Sem entidades patronais, terceira audi\u00eancia p\u00fablica \u00e9 &#8216;a mais produtiva&#8217;"},"content":{"rendered":"<p>   \t \t \t \t \t<!-- \t\t@page { margin: 2cm } \t\tP { margin-bottom: 0.21cm } \t--> \t   <\/p>\n<p style=\"margin-bottom: 0cm\" class=\"western padrao\">Na manh&atilde; desta quinta-feira (9), aconteceu em Bras&iacute;lia a terceira audi&ecirc;ncia p&uacute;blica do grupo de estudos criado pelo Minist&eacute;rio do Trabalho e Emprego para discutir a regulamenta&ccedil;&atilde;o da profiss&atilde;o de jornalista. As entidades patronais n&atilde;o enviaram representa&ccedil;&atilde;o.<\/p>\n<p>Mesmo com a aus&ecirc;ncia de uma das partes, a reuni&atilde;o foi classificada como &ldquo;a mais produtiva&rdquo; pelo representante do minist&eacute;rio Max Monjardim. Ele informa que o Governo vai procurar as entidades patronais para tentar convenc&ecirc;-las a voltar &agrave; discuss&atilde;o. <\/p>\n<p>A aus&ecirc;ncia de representantes do patronato tamb&eacute;m foi destacada pelo presidente da Federa&ccedil;&atilde;o Nacional dos Jornalistas (Fenaj), S&eacute;rgio Murillo de Andrade. Mesmo assim, ele considera que a audi&ecirc;ncia &ldquo;cumpriu o seu objetivo&rdquo;. A entidade espera que a decis&atilde;o do empresariado n&atilde;o interrompa o processo de discuss&atilde;o.<\/p>\n<p>&ldquo;Com ou sem a participa&ccedil;&atilde;o das entidades patronais, a Fenaj &eacute; favor&aacute;vel &agrave; conclus&atilde;o do processo de audi&ecirc;ncias p&uacute;blicas e &agrave; abertura de consulta p&uacute;blica, mas &eacute; o minist&eacute;rio que decide&rdquo;, diz Murillo.<\/p>\n<p>Cerca de 40 pessoas participaram do debate, que contou com as contribui&ccedil;&otilde;es do presidente do Sindicato dos Jornalistas Profissionais do Distrito Federal, Rom&aacute;rio Schettino, e do presidente da Comiss&atilde;o de Direitos Humanos da Ordem dos Advogados do Brasil seccional DF (OAB-DF), Jomar Alves Moreno.<\/p>\n<p style=\"margin-bottom: 0cm\" class=\"western padrao\">Schettino defendeu a import&acirc;ncia de uma nova regulamenta&ccedil;&atilde;o da profiss&atilde;o, inclusive a exig&ecirc;ncia do diploma, e lamentou a aus&ecirc;ncia das entidades patronais.<\/p>\n<p>&ldquo;&Eacute; preciso que saia desse grupo um projeto de consenso. S&oacute; haver&aacute; consenso se todos participarem&rdquo;, avalia.<\/p>\n<p>O representante da OAB-DF tamb&eacute;m se mostrou favor&aacute;vel &agrave; cria&ccedil;&atilde;o de uma nova regulamenta&ccedil;&atilde;o e &agrave; exig&ecirc;ncia do diploma.<\/p>\n<p>A audi&ecirc;ncia que estava marcada para esta sexta-feira (10\/10) em Bel&eacute;m foi adiada por causa dos festejos do C&iacute;rio de Nazar&eacute;. Em princ&iacute;pio, as outras datas est&atilde;o mantidas: Rio de Janeiro, 20\/10, e S&atilde;o Paulo, 29\/10.<\/p>\n","protected":false},"excerpt":{"rendered":"<p>Na manh&atilde; desta quinta-feira (9), aconteceu em Bras&iacute;lia a terceira audi&ecirc;ncia p&uacute;blica do grupo de estudos criado pelo Minist&eacute;rio do Trabalho e Emprego para discutir a regulamenta&ccedil;&atilde;o da profiss&atilde;o de jornalista. As entidades patronais n&atilde;o enviaram representa&ccedil;&atilde;o. Mesmo com a aus&ecirc;ncia de uma das partes, a reuni&atilde;o foi classificada como &ldquo;a mais produtiva&rdquo; pelo representante &hellip; <a href=\"https:\/\/obscom.intervozes.org.br\/?p=21945\" class=\"more-link\">Continue lendo <span class=\"screen-reader-text\">Sem entidades patronais, terceira audi\u00eancia p\u00fablica \u00e9 &#8216;a mais produtiva&#8217;<\/span> <span class=\"meta-nav\">&rarr;<\/span><\/a><\/p>\n","protected":false},"author":1,"featured_media":0,"comment_status":"open","ping_status":"open","sticky":false,"template":"","format":"standard","meta":{"footnotes":""},"categories":[40],"tags":[765],"_links":{"self":[{"href":"https:\/\/obscom.intervozes.org.br\/index.php?rest_route=\/wp\/v2\/posts\/21945"}],"collection":[{"href":"https:\/\/obscom.intervozes.org.br\/index.php?rest_route=\/wp\/v2\/posts"}],"about":[{"href":"https:\/\/obscom.intervozes.org.br\/index.php?rest_route=\/wp\/v2\/types\/post"}],"author":[{"embeddable":true,"href":"https:\/\/obscom.intervozes.org.br\/index.php?rest_route=\/wp\/v2\/users\/1"}],"replies":[{"embeddable":true,"href":"https:\/\/obscom.intervozes.org.br\/index.php?rest_route=%2Fwp%2Fv2%2Fcomments&post=21945"}],"version-history":[{"count":0,"href":"https:\/\/obscom.intervozes.org.br\/index.php?rest_route=\/wp\/v2\/posts\/21945\/revisions"}],"wp:attachment":[{"href":"https:\/\/obscom.intervozes.org.br\/index.php?rest_route=%2Fwp%2Fv2%2Fmedia&parent=21945"}],"wp:term":[{"taxonomy":"category","embeddable":true,"href":"https:\/\/obscom.intervozes.org.br\/index.php?rest_route=%2Fwp%2Fv2%2Fcategories&post=21945"},{"taxonomy":"post_tag","embeddable":true,"href":"https:\/\/obscom.intervozes.org.br\/index.php?rest_route=%2Fwp%2Fv2%2Ftags&post=21945"}],"curies":[{"name":"wp","href":"https:\/\/api.w.org\/{rel}","templated":true}]}}