{"id":21937,"date":"2008-10-09T17:41:29","date_gmt":"2008-10-09T17:41:29","guid":{"rendered":"https:\/\/obscom.intervozes.org.br\/wordpress\/?p=21937"},"modified":"2008-10-09T17:41:29","modified_gmt":"2008-10-09T17:41:29","slug":"comissao-de-legislacao-participativa-aprova-realizacao-de-audiencia-sobre-concessoes","status":"publish","type":"post","link":"https:\/\/obscom.intervozes.org.br\/?p=21937","title":{"rendered":"Comiss\u00e3o de Legisla\u00e7\u00e3o Participativa aprova realiza\u00e7\u00e3o de audi\u00eancia sobre concess\u00f5es"},"content":{"rendered":"<p>   \t \t \t \t \t<!-- \t\t@page { margin: 2cm } \t\tP { margin-bottom: 0.21cm } \t--> \t  <\/p>\n<p style=\"margin-bottom: 0cm\" class=\"western padrao\">A Comiss&atilde;o de Legisla&ccedil;&atilde;o Participativa (CLP) da C&acirc;mara dos Deputados aprovou ontem (8) a realiza&ccedil;&atilde;o de audi&ecirc;ncia p&uacute;blica para debater a renova&ccedil;&atilde;o das concess&otilde;es de emissoras de televis&atilde;o de abrang&ecirc;ncia nacional. O requerimento foi apresentado &agrave; comiss&atilde;o pela deputada Luiza Erundina (PSB-SP) por incentivo de um of&iacute;cio enviado por um conjunto de entidades da sociedade civil ao presidente da CLP, deputado Ad&atilde;o Pretto (PT-RS).<\/p>\n<p>No of&iacute;cio, a CUT, a Abong, o Intervozes, a Fitert e a Amarc mostram-se preocupadas com a tramita&ccedil;&atilde;o sem qualquer participa&ccedil;&atilde;o social dos processos de renova&ccedil;&atilde;o das concess&otilde;es das cabe&ccedil;as-de-rede da Globo, Bandeirantes e Record. O mesmo texto foi enviado &agrave; Comiss&atilde;o de Ci&ecirc;ncia e Tecnologia, Comunica&ccedil;&atilde;o e Inform&aacute;tica (CCTCI), que tamb&eacute;m aprovou a realiza&ccedil;&atilde;o de audi&ecirc;ncia p&uacute;blica sobre o tema.<\/p>\n<p>O requerimento aprovado pela CLP afirma que &ldquo;o interesse p&uacute;blico identificado na mat&eacute;ria&rdquo; permite que o debate estenda-se a todas as outorgas  &ldquo;de abrang&ecirc;ncia nacional cujos vencimentos se deram em 2007&rdquo;.   <\/p>\n<p>Nenhuma das duas comiss&otilde;es marcou, ainda, a data para a realiza&ccedil;&atilde;o das reuni&otilde;es. &Eacute; poss&iacute;vel que ambas sejam fundidas em uma &uacute;nica audi&ecirc;ncia, mas isto ainda depende do di&aacute;logo entre os deputados.<\/p>\n","protected":false},"excerpt":{"rendered":"<p>A Comiss&atilde;o de Legisla&ccedil;&atilde;o Participativa (CLP) da C&acirc;mara dos Deputados aprovou ontem (8) a realiza&ccedil;&atilde;o de audi&ecirc;ncia p&uacute;blica para debater a renova&ccedil;&atilde;o das concess&otilde;es de emissoras de televis&atilde;o de abrang&ecirc;ncia nacional. O requerimento foi apresentado &agrave; comiss&atilde;o pela deputada Luiza Erundina (PSB-SP) por incentivo de um of&iacute;cio enviado por um conjunto de entidades da sociedade &hellip; <a href=\"https:\/\/obscom.intervozes.org.br\/?p=21937\" class=\"more-link\">Continue lendo <span class=\"screen-reader-text\">Comiss\u00e3o de Legisla\u00e7\u00e3o Participativa aprova realiza\u00e7\u00e3o de audi\u00eancia sobre concess\u00f5es<\/span> <span class=\"meta-nav\">&rarr;<\/span><\/a><\/p>\n","protected":false},"author":1,"featured_media":0,"comment_status":"open","ping_status":"open","sticky":false,"template":"","format":"standard","meta":{"footnotes":""},"categories":[39],"tags":[],"_links":{"self":[{"href":"https:\/\/obscom.intervozes.org.br\/index.php?rest_route=\/wp\/v2\/posts\/21937"}],"collection":[{"href":"https:\/\/obscom.intervozes.org.br\/index.php?rest_route=\/wp\/v2\/posts"}],"about":[{"href":"https:\/\/obscom.intervozes.org.br\/index.php?rest_route=\/wp\/v2\/types\/post"}],"author":[{"embeddable":true,"href":"https:\/\/obscom.intervozes.org.br\/index.php?rest_route=\/wp\/v2\/users\/1"}],"replies":[{"embeddable":true,"href":"https:\/\/obscom.intervozes.org.br\/index.php?rest_route=%2Fwp%2Fv2%2Fcomments&post=21937"}],"version-history":[{"count":0,"href":"https:\/\/obscom.intervozes.org.br\/index.php?rest_route=\/wp\/v2\/posts\/21937\/revisions"}],"wp:attachment":[{"href":"https:\/\/obscom.intervozes.org.br\/index.php?rest_route=%2Fwp%2Fv2%2Fmedia&parent=21937"}],"wp:term":[{"taxonomy":"category","embeddable":true,"href":"https:\/\/obscom.intervozes.org.br\/index.php?rest_route=%2Fwp%2Fv2%2Fcategories&post=21937"},{"taxonomy":"post_tag","embeddable":true,"href":"https:\/\/obscom.intervozes.org.br\/index.php?rest_route=%2Fwp%2Fv2%2Ftags&post=21937"}],"curies":[{"name":"wp","href":"https:\/\/api.w.org\/{rel}","templated":true}]}}