{"id":21935,"date":"2008-10-09T16:48:26","date_gmt":"2008-10-09T16:48:26","guid":{"rendered":"https:\/\/obscom.intervozes.org.br\/wordpress\/?p=21935"},"modified":"2008-10-09T16:48:26","modified_gmt":"2008-10-09T16:48:26","slug":"sessao-da-anatel-sobre-pgo-e-pgr-permitira-comentarios-do-publico","status":"publish","type":"post","link":"https:\/\/obscom.intervozes.org.br\/?p=21935","title":{"rendered":"Sess\u00e3o da Anatel sobre PGO e PGR permitir\u00e1 coment\u00e1rios do p\u00fablico"},"content":{"rendered":"<p>   \t \t \t \t \t<!-- \t\t@page { margin: 2cm } \t\tP { margin-bottom: 0.21cm } \t--> \t  <\/p>\n<p style=\"margin-bottom: 0cm\" class=\"western padrao\">A aguardada sess&atilde;o aberta onde ser&atilde;o votadas as vers&otilde;es finais do novo Plano Geral de Outorgas (PGO) e do Plano Geral de Regulamenta&ccedil;&atilde;o (PGR) se parecer&aacute; em muito com as audi&ecirc;ncias p&uacute;blicas feitas pela Ag&ecirc;ncia Nacional de Telecomunica&ccedil;&otilde;es (Anatel). A ag&ecirc;ncia divulgou nesta quarta-feira, 8, os procedimentos da reuni&atilde;o e uma surpresa &eacute; que ser&aacute; permitida a manifesta&ccedil;&atilde;o dos participantes (o documento com a &iacute;ntegra dos procedimentos est&aacute; dispon&iacute;vel na homepage do site <em>TeleTime<\/em>).<\/p>\n<p>O m&eacute;todo &eacute; o mesmo das audi&ecirc;ncias: os participantes que queiram fazer coment&aacute;rios dever&atilde;o se inscrever antes do in&iacute;cio da sess&atilde;o e ser&aacute; permitida apenas uma interven&ccedil;&atilde;o por cada institui&ccedil;&atilde;o. <\/p>\n<p>A &uacute;nica diferen&ccedil;a &eacute; que o controle de entrada na sess&atilde;o ser&aacute; mais forte do que nas audi&ecirc;ncias p&uacute;blicas. Dos interessados em fazer manifesta&ccedil;&otilde;es, ser&aacute; exigido nome completo, n&uacute;mero da identidade, n&uacute;mero do CPF e nome da empresa ou entidade que representa. Nas audi&ecirc;ncias, n&atilde;o h&aacute; a solicita&ccedil;&atilde;o de documentos para a inscri&ccedil;&atilde;o. Os que pretendem apenas assistir &agrave; vota&ccedil;&atilde;o tamb&eacute;m ser&atilde;o obrigados a se inscrever antes da sess&atilde;o. Nestes casos n&atilde;o h&aacute; men&ccedil;&atilde;o &agrave; exig&ecirc;ncia de documentos. <\/p>\n<p>O texto divulgado pela Anatel tamb&eacute;m d&aacute; a entender que a ag&ecirc;ncia n&atilde;o permitir&aacute; que as pessoas fiquem em p&eacute; dentro do Audit&oacute;rio do Espa&ccedil;o Cultural da ag&ecirc;ncia, onde ser&aacute; realizada a sess&atilde;o. Segundo os procedimentos definidos, &quot;ser&atilde;o admitidos convidados no audit&oacute;rio at&eacute; o limite de sua capacidade e estar&atilde;o dispon&iacute;veis nos ambientes externos, meios audiovisuais para assist&ecirc;ncia&quot;.<\/p>\n<p><strong>Longa agenda<\/strong><\/p>\n<p>A previs&atilde;o da Anatel &eacute; que a sess&atilde;o comece 9h. Entre &agrave;s 8h e 9h ser&aacute; feito o cadastramento dos participantes e espectadores. A perspectiva da ag&ecirc;ncia &eacute; que a sess&atilde;o seja encerrada &agrave;s 20h40, mas a pr&oacute;pria autarquia admite que poder&aacute; adiar a continua&ccedil;&atilde;o da sess&atilde;o para o dia seguinte ou outra data a ser agendada caso haja necessidade.<\/p>\n<p>O primeiro documento a ser apresentado &eacute; o relat&oacute;rio final do conselheiro Pedro Jaime Ziller sobre a proposta de PGO. Depois disso, ocorrer&aacute; o per&iacute;odo de manifesta&ccedil;&otilde;es dos inscritos. Apenas depois de todas as manifesta&ccedil;&otilde;es serem feitas &eacute; que o conselheiro Ant&ocirc;nio Bedran far&aacute; a leitura do seu relat&oacute;rio sobre o PGR. Ou seja, quem tiver coment&aacute;rios a fazer sobre o PGR, ter&aacute; que se manifestar sem conhecer o parecer final do conselheiro. <\/p>\n<p>Ap&oacute;s a apresenta&ccedil;&atilde;o de Bedran &eacute; que ser&atilde;o colhidos os votos dos conselheiros. Primeiro, o Conselho Diretor deliberar&aacute; sobre o PGR e, s&oacute; depois de conclu&iacute;da esta delibera&ccedil;&atilde;o, ser&aacute; votado o PGO. Assim, se houver a necessidade de prorroga&ccedil;&atilde;o da sess&atilde;o, muito provavelmente ser&atilde;o os votos do PGO que ficar&atilde;o para coleta em outro dia.<\/p>\n","protected":false},"excerpt":{"rendered":"<p>A aguardada sess&atilde;o aberta onde ser&atilde;o votadas as vers&otilde;es finais do novo Plano Geral de Outorgas (PGO) e do Plano Geral de Regulamenta&ccedil;&atilde;o (PGR) se parecer&aacute; em muito com as audi&ecirc;ncias p&uacute;blicas feitas pela Ag&ecirc;ncia Nacional de Telecomunica&ccedil;&otilde;es (Anatel). A ag&ecirc;ncia divulgou nesta quarta-feira, 8, os procedimentos da reuni&atilde;o e uma surpresa &eacute; que ser&aacute; &hellip; <a href=\"https:\/\/obscom.intervozes.org.br\/?p=21935\" class=\"more-link\">Continue lendo <span class=\"screen-reader-text\">Sess\u00e3o da Anatel sobre PGO e PGR permitir\u00e1 coment\u00e1rios do p\u00fablico<\/span> <span class=\"meta-nav\">&rarr;<\/span><\/a><\/p>\n","protected":false},"author":1,"featured_media":0,"comment_status":"open","ping_status":"open","sticky":false,"template":"","format":"standard","meta":{"footnotes":""},"categories":[40],"tags":[366],"_links":{"self":[{"href":"https:\/\/obscom.intervozes.org.br\/index.php?rest_route=\/wp\/v2\/posts\/21935"}],"collection":[{"href":"https:\/\/obscom.intervozes.org.br\/index.php?rest_route=\/wp\/v2\/posts"}],"about":[{"href":"https:\/\/obscom.intervozes.org.br\/index.php?rest_route=\/wp\/v2\/types\/post"}],"author":[{"embeddable":true,"href":"https:\/\/obscom.intervozes.org.br\/index.php?rest_route=\/wp\/v2\/users\/1"}],"replies":[{"embeddable":true,"href":"https:\/\/obscom.intervozes.org.br\/index.php?rest_route=%2Fwp%2Fv2%2Fcomments&post=21935"}],"version-history":[{"count":0,"href":"https:\/\/obscom.intervozes.org.br\/index.php?rest_route=\/wp\/v2\/posts\/21935\/revisions"}],"wp:attachment":[{"href":"https:\/\/obscom.intervozes.org.br\/index.php?rest_route=%2Fwp%2Fv2%2Fmedia&parent=21935"}],"wp:term":[{"taxonomy":"category","embeddable":true,"href":"https:\/\/obscom.intervozes.org.br\/index.php?rest_route=%2Fwp%2Fv2%2Fcategories&post=21935"},{"taxonomy":"post_tag","embeddable":true,"href":"https:\/\/obscom.intervozes.org.br\/index.php?rest_route=%2Fwp%2Fv2%2Ftags&post=21935"}],"curies":[{"name":"wp","href":"https:\/\/api.w.org\/{rel}","templated":true}]}}