{"id":21933,"date":"2008-10-09T16:37:11","date_gmt":"2008-10-09T16:37:11","guid":{"rendered":"https:\/\/obscom.intervozes.org.br\/wordpress\/?p=21933"},"modified":"2008-10-09T16:37:11","modified_gmt":"2008-10-09T16:37:11","slug":"tvs-publicas-do-nordeste-discutem-formacao-de-rede-nacional-com-a-tv-brasil","status":"publish","type":"post","link":"https:\/\/obscom.intervozes.org.br\/?p=21933","title":{"rendered":"TVs p\u00fablicas do Nordeste discutem forma\u00e7\u00e3o de rede nacional com a TV Brasil"},"content":{"rendered":"<p>   \t \t \t \t \t<!-- \t\t@page { margin: 2cm } \t\tP { margin-bottom: 0.21cm } \t--> \t  <\/p>\n<p style=\"margin-bottom: 0cm\" class=\"western padrao\">As emissoras de televis&atilde;o p&uacute;blicas do Nordeste re&uacute;nem-se nesta sexta-feira (10) para tratar da forma&ccedil;&atilde;o da rede nacional com a TV Brasil. Na reuni&atilde;o, que acontece na sede da Detelpe, em Recife, ser&atilde;o discutidas as altera&ccedil;&otilde;es nas grades de programa&ccedil;&atilde;o de cada emissora com o objetivo de forma&ccedil;&atilde;o de uma grade &uacute;nica da rede. A data prevista para estr&eacute;ia &eacute; o dia 2 de dezembro. A Aperip&ecirc; TV coordenar&aacute; a reuni&atilde;o.<\/p>\n<p>A novidade nesta etapa de constru&ccedil;&atilde;o da rede &eacute; que as emissoras estaduais apresentar&atilde;o projetos de programas que ir&atilde;o compor a grade nacional. Todas as emissoras poder&atilde;o apresentar projetos que, ap&oacute;s aprova&ccedil;&atilde;o do comit&ecirc; executivo, receber&atilde;o apoio financeiro da TV Brasil para sua produ&ccedil;&atilde;o.<\/p>\n<p>Estes programas ser&atilde;o organizados em quatro horas de programa&ccedil;&atilde;o distribu&iacute;das em faixas tem&aacute;ticas como meio ambiente, conte&uacute;do infantil, juventude, ci&ecirc;ncia e tecnologia, entre outros. Duas faixas de conte&uacute;do infantil est&atilde;o previstas. Uma aportada pela TV Brasil, num total de duas horas, e uma hora composta por produ&ccedil;&otilde;es oriundas das emissoras parceiras. <\/p>\n<p>Ap&oacute;s a defini&ccedil;&atilde;o deste conte&uacute;do a rede ter&aacute; dez horas de programa&ccedil;&atilde;o simult&acirc;nea obrigat&oacute;ria. Os hor&aacute;rios n&atilde;o poder&atilde;o ser alterados individualmente pelas associadas.  <\/p>\n","protected":false},"excerpt":{"rendered":"<p>As emissoras de televis&atilde;o p&uacute;blicas do Nordeste re&uacute;nem-se nesta sexta-feira (10) para tratar da forma&ccedil;&atilde;o da rede nacional com a TV Brasil. Na reuni&atilde;o, que acontece na sede da Detelpe, em Recife, ser&atilde;o discutidas as altera&ccedil;&otilde;es nas grades de programa&ccedil;&atilde;o de cada emissora com o objetivo de forma&ccedil;&atilde;o de uma grade &uacute;nica da rede. A &hellip; <a href=\"https:\/\/obscom.intervozes.org.br\/?p=21933\" class=\"more-link\">Continue lendo <span class=\"screen-reader-text\">TVs p\u00fablicas do Nordeste discutem forma\u00e7\u00e3o de rede nacional com a TV Brasil<\/span> <span class=\"meta-nav\">&rarr;<\/span><\/a><\/p>\n","protected":false},"author":1,"featured_media":0,"comment_status":"open","ping_status":"open","sticky":false,"template":"","format":"standard","meta":{"footnotes":""},"categories":[40],"tags":[267],"_links":{"self":[{"href":"https:\/\/obscom.intervozes.org.br\/index.php?rest_route=\/wp\/v2\/posts\/21933"}],"collection":[{"href":"https:\/\/obscom.intervozes.org.br\/index.php?rest_route=\/wp\/v2\/posts"}],"about":[{"href":"https:\/\/obscom.intervozes.org.br\/index.php?rest_route=\/wp\/v2\/types\/post"}],"author":[{"embeddable":true,"href":"https:\/\/obscom.intervozes.org.br\/index.php?rest_route=\/wp\/v2\/users\/1"}],"replies":[{"embeddable":true,"href":"https:\/\/obscom.intervozes.org.br\/index.php?rest_route=%2Fwp%2Fv2%2Fcomments&post=21933"}],"version-history":[{"count":0,"href":"https:\/\/obscom.intervozes.org.br\/index.php?rest_route=\/wp\/v2\/posts\/21933\/revisions"}],"wp:attachment":[{"href":"https:\/\/obscom.intervozes.org.br\/index.php?rest_route=%2Fwp%2Fv2%2Fmedia&parent=21933"}],"wp:term":[{"taxonomy":"category","embeddable":true,"href":"https:\/\/obscom.intervozes.org.br\/index.php?rest_route=%2Fwp%2Fv2%2Fcategories&post=21933"},{"taxonomy":"post_tag","embeddable":true,"href":"https:\/\/obscom.intervozes.org.br\/index.php?rest_route=%2Fwp%2Fv2%2Ftags&post=21933"}],"curies":[{"name":"wp","href":"https:\/\/api.w.org\/{rel}","templated":true}]}}