{"id":21930,"date":"2008-10-08T18:27:11","date_gmt":"2008-10-08T18:27:11","guid":{"rendered":"https:\/\/obscom.intervozes.org.br\/wordpress\/?p=21930"},"modified":"2008-10-08T18:27:11","modified_gmt":"2008-10-08T18:27:11","slug":"debates-sobre-materias-da-area-de-comunicacao-serao-intensificados-na-camara","status":"publish","type":"post","link":"https:\/\/obscom.intervozes.org.br\/?p=21930","title":{"rendered":"Debates sobre mat\u00e9rias da \u00e1rea de comunica\u00e7\u00e3o ser\u00e3o intensificados na C\u00e2mara"},"content":{"rendered":"<p>   \t \t \t \t \t<!-- \t\t@page { margin: 2cm } \t\tP { margin-bottom: 0.21cm } \t--> \t   <\/p>\n<p style=\"margin-bottom: 0cm\" class=\"western padrao\">Para al&eacute;m do Plano Geral de Outorgas, temas ligados &agrave; comunica&ccedil;&atilde;o ser&atilde;o alvo de mais disputas pol&iacute;ticas ap&oacute;s o t&eacute;rmino das Elei&ccedil;&otilde;es Municipais 2008. Entre eles est&atilde;o a tramita&ccedil;&atilde;o, na C&acirc;mara dos Deputados, do PL 29\/07, que altera a regulamenta&ccedil;&atilde;o da TV paga no pa&iacute;s e abre a o mercado do audiovisual para as teles, e a renova&ccedil;&atilde;o das concess&otilde;es de R&aacute;dio e TV. J&aacute; para os movimentos sociais, a prioridade dever&aacute; ser a convoca&ccedil;&atilde;o da Confer&ecirc;ncia Nacional de Comunica&ccedil;&atilde;o.<\/p>\n<p>As Elei&ccedil;&otilde;es 2008 ocupam as aten&ccedil;&otilde;es dos partidos pol&iacute;ticos, parlamentares e governo principalmente desde junho. Os interesses presentes na disputa eleitoral tiveram reflexos &#8211; como baixo quorum &#8211; no encaminhamento de diversas mat&eacute;rias no Congresso Nacional. Mas ap&oacute;s o 2&ordm; turno a din&acirc;mica institucional deve ganhar outro ritmo.<\/p>\n<p>Press&otilde;es para agiliza&ccedil;&atilde;o, na Ag&ecirc;ncia Nacional de Telecomunica&ccedil;&otilde;es (Anatel), dos encaminhamentos visando mudan&ccedil;as no Plano Geral de Outorgas (PGO) prosseguem. A perspectiva &eacute; de que ainda em outubro seja aprovada a proposta a ser encaminhada ao Minist&eacute;rio das Comunica&ccedil;&otilde;es.<\/p>\n<p>No debate sobre as mudan&ccedil;as na legisla&ccedil;&atilde;o sobre a TV paga, o Projeto de Lei 29\/07 mudou de rumo j&aacute; em setembro. Ele agora tramita na Comiss&atilde;o de Defesa do Consumidor da C&acirc;mara. E com a perspectiva de que alguns avan&ccedil;os obtidos nos debates anteriores na Comiss&atilde;o de Ci&ecirc;ncia, Comunica&ccedil;&atilde;o, Tecnologia e Inform&aacute;tica (CCTI) caiam por terra.<\/p>\n<p>H&aacute;, tamb&eacute;m, uma pend&ecirc;ncia que incomoda os bar&otilde;es da m&iacute;dia. As concess&otilde;es de 184 emissoras de R&aacute;dio e TV est&atilde;o vencidas. Em meio &agrave;s press&otilde;es empresariais para renova&ccedil;&atilde;o das concess&otilde;es, al&eacute;m dos embates entre o Minist&eacute;rio das Comunica&ccedil;&otilde;es e a CCTI, h&aacute; na CCTI um debate inacabado sobre a atualiza&ccedil;&atilde;o da legisla&ccedil;&atilde;o para tornar tal processo mais transparente.<\/p>\n<p>Elo menos ouvido nesta disputa de correla&ccedil;&atilde;o de for&ccedil;as, diversos movimentos sociais continuam empunhando a bandeira da democratiza&ccedil;&atilde;o da comunica&ccedil;&atilde;o. Entidades como a FENAJ e o F&oacute;rum Nacional pela Democratiza&ccedil;&atilde;o da Comunica&ccedil;&atilde;o querem que o governo convoque um processo de Confer&ecirc;ncia Nacional de Comunica&ccedil;&atilde;o com participa&ccedil;&atilde;o popular como espa&ccedil;o privilegiado para a formula&ccedil;&atilde;o das pol&iacute;ticas p&uacute;blicas para o setor.<\/p>\n<p>O Movimento Pr&oacute;-Confer&ecirc;ncia Nacional de Comunica&ccedil;&atilde;o &ndash; que al&eacute;m de entidades e ativistas re&uacute;ne, tamb&eacute;m, parlamentares e duas Comiss&otilde;es da C&acirc;mara &#8211; j&aacute; conseguiu uma importante vit&oacute;ria, a previs&atilde;o de verba no Or&ccedil;amento da Uni&atilde;o para que tal processo ocorra. J&aacute; houve inclusive iniciativas de constru&ccedil;&atilde;o de Confer&ecirc;ncias Estaduais do setor. Mas falta, ainda, a disposi&ccedil;&atilde;o pol&iacute;tica do governo federal de convoca&ccedil;&atilde;o de tal processo.<\/p>\n","protected":false},"excerpt":{"rendered":"<p>Para al&eacute;m do Plano Geral de Outorgas, temas ligados &agrave; comunica&ccedil;&atilde;o ser&atilde;o alvo de mais disputas pol&iacute;ticas ap&oacute;s o t&eacute;rmino das Elei&ccedil;&otilde;es Municipais 2008. Entre eles est&atilde;o a tramita&ccedil;&atilde;o, na C&acirc;mara dos Deputados, do PL 29\/07, que altera a regulamenta&ccedil;&atilde;o da TV paga no pa&iacute;s e abre a o mercado do audiovisual para as teles, &hellip; <a href=\"https:\/\/obscom.intervozes.org.br\/?p=21930\" class=\"more-link\">Continue lendo <span class=\"screen-reader-text\">Debates sobre mat\u00e9rias da \u00e1rea de comunica\u00e7\u00e3o ser\u00e3o intensificados na C\u00e2mara<\/span> <span class=\"meta-nav\">&rarr;<\/span><\/a><\/p>\n","protected":false},"author":1,"featured_media":0,"comment_status":"open","ping_status":"open","sticky":false,"template":"","format":"standard","meta":{"footnotes":""},"categories":[40],"tags":[881],"_links":{"self":[{"href":"https:\/\/obscom.intervozes.org.br\/index.php?rest_route=\/wp\/v2\/posts\/21930"}],"collection":[{"href":"https:\/\/obscom.intervozes.org.br\/index.php?rest_route=\/wp\/v2\/posts"}],"about":[{"href":"https:\/\/obscom.intervozes.org.br\/index.php?rest_route=\/wp\/v2\/types\/post"}],"author":[{"embeddable":true,"href":"https:\/\/obscom.intervozes.org.br\/index.php?rest_route=\/wp\/v2\/users\/1"}],"replies":[{"embeddable":true,"href":"https:\/\/obscom.intervozes.org.br\/index.php?rest_route=%2Fwp%2Fv2%2Fcomments&post=21930"}],"version-history":[{"count":0,"href":"https:\/\/obscom.intervozes.org.br\/index.php?rest_route=\/wp\/v2\/posts\/21930\/revisions"}],"wp:attachment":[{"href":"https:\/\/obscom.intervozes.org.br\/index.php?rest_route=%2Fwp%2Fv2%2Fmedia&parent=21930"}],"wp:term":[{"taxonomy":"category","embeddable":true,"href":"https:\/\/obscom.intervozes.org.br\/index.php?rest_route=%2Fwp%2Fv2%2Fcategories&post=21930"},{"taxonomy":"post_tag","embeddable":true,"href":"https:\/\/obscom.intervozes.org.br\/index.php?rest_route=%2Fwp%2Fv2%2Ftags&post=21930"}],"curies":[{"name":"wp","href":"https:\/\/api.w.org\/{rel}","templated":true}]}}