{"id":21928,"date":"2008-10-08T17:50:46","date_gmt":"2008-10-08T17:50:46","guid":{"rendered":"https:\/\/obscom.intervozes.org.br\/wordpress\/?p=21928"},"modified":"2008-10-08T17:50:46","modified_gmt":"2008-10-08T17:50:46","slug":"comissao-da-camara-aprova-criacao-de-medalha-roberto-marinho","status":"publish","type":"post","link":"https:\/\/obscom.intervozes.org.br\/?p=21928","title":{"rendered":"Comiss\u00e3o da C\u00e2mara aprova cria\u00e7\u00e3o de Medalha Roberto Marinho"},"content":{"rendered":"<p>   \t \t \t \t \t<!-- \t\t@page { margin: 2cm } \t\tP { margin-bottom: 0.21cm } \t--> \t  <\/p>\n<p style=\"margin-bottom: 0cm\" class=\"western padrao\">A Comiss&atilde;o de Constitui&ccedil;&atilde;o e Justi&ccedil;a da C&acirc;mara dos Deputados aprovou na ter&ccedil;a-feira (7) projeto que institui a medalha do M&eacute;rito Cultural Roberto Marinho. A proposta do deputado Neilton Mulim (PR-RJ) prev&ecirc; que o poder p&uacute;blico federal reconhe&ccedil;a, anualmente, cinco personalidades de destaque em atividades jornal&iacute;sticas, art&iacute;sticas e culturais. Mulim ainda prop&ocirc;s que as medalhas  sejam entregues no dia do anivers&aacute;rio do fundador das Organiza&ccedil;&otilde;es Globo, 3 de dezembro. O projeto ter&aacute; de passar ainda pelo Senado e pela san&ccedil;&atilde;o da Presid&ecirc;ncia da Rep&uacute;blica.<\/p>\n","protected":false},"excerpt":{"rendered":"<p>A Comiss&atilde;o de Constitui&ccedil;&atilde;o e Justi&ccedil;a da C&acirc;mara dos Deputados aprovou na ter&ccedil;a-feira (7) projeto que institui a medalha do M&eacute;rito Cultural Roberto Marinho. A proposta do deputado Neilton Mulim (PR-RJ) prev&ecirc; que o poder p&uacute;blico federal reconhe&ccedil;a, anualmente, cinco personalidades de destaque em atividades jornal&iacute;sticas, art&iacute;sticas e culturais. Mulim ainda prop&ocirc;s que as medalhas &hellip; <a href=\"https:\/\/obscom.intervozes.org.br\/?p=21928\" class=\"more-link\">Continue lendo <span class=\"screen-reader-text\">Comiss\u00e3o da C\u00e2mara aprova cria\u00e7\u00e3o de Medalha Roberto Marinho<\/span> <span class=\"meta-nav\">&rarr;<\/span><\/a><\/p>\n","protected":false},"author":1,"featured_media":0,"comment_status":"open","ping_status":"open","sticky":false,"template":"","format":"standard","meta":{"footnotes":""},"categories":[39],"tags":[],"_links":{"self":[{"href":"https:\/\/obscom.intervozes.org.br\/index.php?rest_route=\/wp\/v2\/posts\/21928"}],"collection":[{"href":"https:\/\/obscom.intervozes.org.br\/index.php?rest_route=\/wp\/v2\/posts"}],"about":[{"href":"https:\/\/obscom.intervozes.org.br\/index.php?rest_route=\/wp\/v2\/types\/post"}],"author":[{"embeddable":true,"href":"https:\/\/obscom.intervozes.org.br\/index.php?rest_route=\/wp\/v2\/users\/1"}],"replies":[{"embeddable":true,"href":"https:\/\/obscom.intervozes.org.br\/index.php?rest_route=%2Fwp%2Fv2%2Fcomments&post=21928"}],"version-history":[{"count":0,"href":"https:\/\/obscom.intervozes.org.br\/index.php?rest_route=\/wp\/v2\/posts\/21928\/revisions"}],"wp:attachment":[{"href":"https:\/\/obscom.intervozes.org.br\/index.php?rest_route=%2Fwp%2Fv2%2Fmedia&parent=21928"}],"wp:term":[{"taxonomy":"category","embeddable":true,"href":"https:\/\/obscom.intervozes.org.br\/index.php?rest_route=%2Fwp%2Fv2%2Fcategories&post=21928"},{"taxonomy":"post_tag","embeddable":true,"href":"https:\/\/obscom.intervozes.org.br\/index.php?rest_route=%2Fwp%2Fv2%2Ftags&post=21928"}],"curies":[{"name":"wp","href":"https:\/\/api.w.org\/{rel}","templated":true}]}}